{"id":199681,"date":"2025-11-26T13:48:48","date_gmt":"2025-11-26T12:48:48","guid":{"rendered":"https:\/\/rna.ao\/rna.ao\/?p=199681"},"modified":"2025-11-26T14:22:55","modified_gmt":"2025-11-26T13:22:55","slug":"cimeira-das-zonas-economicas-especiais-de-africa-analisa-investimento-estrangeiro-para-o-desenvolvimento-socio-economico","status":"publish","type":"post","link":"https:\/\/rna.ao\/rna.ao\/2025\/11\/26\/cimeira-das-zonas-economicas-especiais-de-africa-analisa-investimento-estrangeiro-para-o-desenvolvimento-socio-economico\/","title":{"rendered":"Cimeira das zonas econ\u00f3micas de \u00c1frica analisa investimento estrangeiro para o desenvolvimento S\u00f3cio-econ\u00f3mico"},"content":{"rendered":"<p><img loading=\"lazy\" class=\"alignnone size-full wp-image-156325\" src=\"https:\/\/rna.ao\/rna.ao\/wp-content\/uploads\/2024\/09\/ZEE-Angola-parques-industrias-em-angolaMenos-Fios.jpg\" alt=\"\" width=\"600\" height=\"338\" \/><\/p>\n<p>Angola continua aberta ao investimento estrangeiro para o desenvolvimento econ\u00f3mico e social.<br \/>\nEste \u00e9 um dos momentos em discuss\u00e3o na cimeira das zonas econ\u00f3micas especiais de Africa, Europa e Am\u00e9rica que Luanda acolhe hoje. Outros dados com o Celestino Camati. Clique no \u00e1udio abaixo e ou\u00e7a:<\/p>\n\t<div class=\"qtmplayer-playlist-large\">\n\t\t<ul class=\"qtmplayer-playlist\">\n\t\t\t\n\t\t\t\t\t<li class=\"qtmplayer-trackitem\">\n\t\t<img src=\"https:\/\/rna.ao\/rna.ao\/wp-content\/uploads\/2024\/09\/ZEE-Angola-parques-industrias-em-angolaMenos-Fios-100x100.jpg\" alt=\"cover\">\t\t<span \t\t\tdata-qtmplayer-cover=\"https:\/\/rna.ao\/rna.ao\/wp-content\/uploads\/2024\/09\/ZEE-Angola-parques-industrias-em-angolaMenos-Fios.jpg\"\n\t\t\t\t\t\tdata-qtmplayer-file=\"https:\/\/rna.ao\/rna.ao\/wp-content\/uploads\/2025\/11\/CELESTINO-CAMATI-CIMEIRA-13HRS.mp3\"\n\t\t\t\t\t\tdata-qtmplayer-title=\"Cimeira das zonas econ\u00f3micas de \u00c1frica analisa investimento estrangeiro para o desenvolvimento S\u00f3cio-econ\u00f3mico\"\n\t\t\t\t\t\tdata-qtmplayer-artist=\"Patr\u00edcia Campos\"\n\t\t\t\t\t\tdata-qtmplayer-link=\"https:\/\/rna.ao\/rna.ao\/2025\/11\/26\/cimeira-das-zonas-economicas-especiais-de-africa-analisa-investimento-estrangeiro-para-o-desenvolvimento-socio-economico\/\"\n\t\t\t\t\t\tdata-qtmplayer-icon=\"file_download\"\n\t\t\t\t\t\tdata-qtmplayer-type=\"track\"\n\t\t\t class=\"qtmplayer-play qtmplayer-link-sec qtmplayer-play-btn\"><i class='material-icons'>play_arrow<\/i><\/span>\n\t\t<p>\n\t\t\t<span class=\"qtmplayer-tit\">Cimeira das zonas econ\u00f3micas de \u00c1frica analisa investimento estrangeiro para o desenvolvimento S\u00f3cio-econ\u00f3mico<\/span>\n\t\t\t<span class=\"qtmplayer-art\">Patr\u00edcia Campos<\/span>\n\t\t<\/p>\n\t<\/li>\n\t\t<\/ul>\n\t<\/div>\t\t\t\n\t\n<p>&nbsp;<\/p>\n","protected":false},"excerpt":{"rendered":"<p>Angola continua aberta ao investimento estrangeiro para o desenvolvimento econ\u00f3mico e social. Este \u00e9 um dos momentos em discuss\u00e3o na cimeira das zonas econ\u00f3micas especiais de Africa, Europa e Am\u00e9rica que Luanda acolhe hoje. Outros dados com o Celestino Camati. Clique no \u00e1udio abaixo e ou\u00e7a: &nbsp;<\/p>\n","protected":false},"author":21,"featured_media":156325,"comment_status":"closed","ping_status":"closed","sticky":false,"template":"","format":"standard","meta":[],"categories":[142,121,164,163],"tags":[],"_links":{"self":[{"href":"https:\/\/rna.ao\/rna.ao\/wp-json\/wp\/v2\/posts\/199681"}],"collection":[{"href":"https:\/\/rna.ao\/rna.ao\/wp-json\/wp\/v2\/posts"}],"about":[{"href":"https:\/\/rna.ao\/rna.ao\/wp-json\/wp\/v2\/types\/post"}],"author":[{"embeddable":true,"href":"https:\/\/rna.ao\/rna.ao\/wp-json\/wp\/v2\/users\/21"}],"replies":[{"embeddable":true,"href":"https:\/\/rna.ao\/rna.ao\/wp-json\/wp\/v2\/comments?post=199681"}],"version-history":[{"count":2,"href":"https:\/\/rna.ao\/rna.ao\/wp-json\/wp\/v2\/posts\/199681\/revisions"}],"predecessor-version":[{"id":199699,"href":"https:\/\/rna.ao\/rna.ao\/wp-json\/wp\/v2\/posts\/199681\/revisions\/199699"}],"wp:featuredmedia":[{"embeddable":true,"href":"https:\/\/rna.ao\/rna.ao\/wp-json\/wp\/v2\/media\/156325"}],"wp:attachment":[{"href":"https:\/\/rna.ao\/rna.ao\/wp-json\/wp\/v2\/media?parent=199681"}],"wp:term":[{"taxonomy":"category","embeddable":true,"href":"https:\/\/rna.ao\/rna.ao\/wp-json\/wp\/v2\/categories?post=199681"},{"taxonomy":"post_tag","embeddable":true,"href":"https:\/\/rna.ao\/rna.ao\/wp-json\/wp\/v2\/tags?post=199681"}],"curies":[{"name":"wp","href":"https:\/\/api.w.org\/{rel}","templated":true}]}}