{"id":199164,"date":"2025-11-22T10:17:09","date_gmt":"2025-11-22T09:17:09","guid":{"rendered":"https:\/\/rna.ao\/rna.ao\/?p=199164"},"modified":"2025-11-22T10:17:09","modified_gmt":"2025-11-22T09:17:09","slug":"njunju-de-oliveira-eleita-secretaria-provincial-do-huambo","status":"publish","type":"post","link":"https:\/\/rna.ao\/rna.ao\/2025\/11\/22\/njunju-de-oliveira-eleita-secretaria-provincial-do-huambo\/","title":{"rendered":"Njunju de Oliveira eleita Secret\u00e1ria Provincial do Huambo"},"content":{"rendered":"<p><img loading=\"lazy\" class=\"wp-image-199169 aligncenter\" src=\"https:\/\/rna.ao\/rna.ao\/wp-content\/uploads\/2025\/11\/oma-huambo-770x433.jpg\" alt=\"\" width=\"496\" height=\"279\" srcset=\"https:\/\/rna.ao\/rna.ao\/wp-content\/uploads\/2025\/11\/oma-huambo-770x433.jpg 770w, https:\/\/rna.ao\/rna.ao\/wp-content\/uploads\/2025\/11\/oma-huambo-768x432.jpg 768w, https:\/\/rna.ao\/rna.ao\/wp-content\/uploads\/2025\/11\/oma-huambo.jpg 960w\" sizes=\"(max-width: 496px) 100vw, 496px\" \/>A OMA no Huambo, est\u00e1 a desenvolver o processo org\u00e2nico que vai terminar com a realiza\u00e7\u00e3o do 8\u00ba congresso no pr\u00f3ximo ano. Durante a abertura do encontro, a vice-presidente do MPLA, Mara Quiosa, pediu uni\u00e3o das militantes para consolidar a democracia interna. Ou\u00e7a no \u00e1udio abaixo toda informa\u00e7\u00e3o com a reportagem do Ant\u00f3nio Pinto:<\/p>\n\t<div class=\"qtmplayer-playlist-large\">\n\t\t<ul class=\"qtmplayer-playlist\">\n\t\t\t\n\t\t\t\t\t<li class=\"qtmplayer-trackitem\">\n\t\t<img src=\"https:\/\/rna.ao\/rna.ao\/wp-content\/uploads\/2025\/11\/oma-huambo-100x100.jpg\" alt=\"cover\">\t\t<span \t\t\tdata-qtmplayer-cover=\"https:\/\/rna.ao\/rna.ao\/wp-content\/uploads\/2025\/11\/oma-huambo-370x370.jpg\"\n\t\t\t\t\t\tdata-qtmplayer-file=\"https:\/\/rna.ao\/rna.ao\/wp-content\/uploads\/2025\/11\/ANTONIO-PINTO-0HS.mp3\"\n\t\t\t\t\t\tdata-qtmplayer-title=\"Njunju de Oliveira eleita Secret\u00e1ria Provincial do Huambo\"\n\t\t\t\t\t\tdata-qtmplayer-artist=\"Ant\u00f3nio Augusto\"\n\t\t\t\t\t\tdata-qtmplayer-link=\"https:\/\/rna.ao\/rna.ao\/2025\/11\/22\/njunju-de-oliveira-eleita-secretaria-provincial-do-huambo\/\"\n\t\t\t\t\t\tdata-qtmplayer-icon=\"file_download\"\n\t\t\t\t\t\tdata-qtmplayer-type=\"track\"\n\t\t\t class=\"qtmplayer-play qtmplayer-link-sec qtmplayer-play-btn\"><i class='material-icons'>play_arrow<\/i><\/span>\n\t\t<p>\n\t\t\t<span class=\"qtmplayer-tit\">Njunju de Oliveira eleita Secret\u00e1ria Provincial do Huambo<\/span>\n\t\t\t<span class=\"qtmplayer-art\">Ant\u00f3nio Augusto<\/span>\n\t\t<\/p>\n\t<\/li>\n\t\t<\/ul>\n\t<\/div>\t\t\t\n\t\n","protected":false},"excerpt":{"rendered":"<p>A OMA no Huambo, est\u00e1 a desenvolver o processo org\u00e2nico que vai terminar com a realiza\u00e7\u00e3o do 8\u00ba congresso no pr\u00f3ximo ano. Durante a abertura do encontro, a vice-presidente do MPLA, Mara Quiosa, pediu uni\u00e3o das militantes para consolidar a democracia interna. Ou\u00e7a no \u00e1udio abaixo toda informa\u00e7\u00e3o com a ...<\/p>\n","protected":false},"author":23,"featured_media":199169,"comment_status":"closed","ping_status":"closed","sticky":false,"template":"","format":"standard","meta":[],"categories":[142,121,163],"tags":[],"_links":{"self":[{"href":"https:\/\/rna.ao\/rna.ao\/wp-json\/wp\/v2\/posts\/199164"}],"collection":[{"href":"https:\/\/rna.ao\/rna.ao\/wp-json\/wp\/v2\/posts"}],"about":[{"href":"https:\/\/rna.ao\/rna.ao\/wp-json\/wp\/v2\/types\/post"}],"author":[{"embeddable":true,"href":"https:\/\/rna.ao\/rna.ao\/wp-json\/wp\/v2\/users\/23"}],"replies":[{"embeddable":true,"href":"https:\/\/rna.ao\/rna.ao\/wp-json\/wp\/v2\/comments?post=199164"}],"version-history":[{"count":1,"href":"https:\/\/rna.ao\/rna.ao\/wp-json\/wp\/v2\/posts\/199164\/revisions"}],"predecessor-version":[{"id":199170,"href":"https:\/\/rna.ao\/rna.ao\/wp-json\/wp\/v2\/posts\/199164\/revisions\/199170"}],"wp:featuredmedia":[{"embeddable":true,"href":"https:\/\/rna.ao\/rna.ao\/wp-json\/wp\/v2\/media\/199169"}],"wp:attachment":[{"href":"https:\/\/rna.ao\/rna.ao\/wp-json\/wp\/v2\/media?parent=199164"}],"wp:term":[{"taxonomy":"category","embeddable":true,"href":"https:\/\/rna.ao\/rna.ao\/wp-json\/wp\/v2\/categories?post=199164"},{"taxonomy":"post_tag","embeddable":true,"href":"https:\/\/rna.ao\/rna.ao\/wp-json\/wp\/v2\/tags?post=199164"}],"curies":[{"name":"wp","href":"https:\/\/api.w.org\/{rel}","templated":true}]}}