{"id":199136,"date":"2025-11-22T09:43:42","date_gmt":"2025-11-22T08:43:42","guid":{"rendered":"https:\/\/rna.ao\/rna.ao\/?p=199136"},"modified":"2025-11-22T09:43:42","modified_gmt":"2025-11-22T08:43:42","slug":"assinala-se-hoje-o-dia-nacional-do-educador","status":"publish","type":"post","link":"https:\/\/rna.ao\/rna.ao\/2025\/11\/22\/assinala-se-hoje-o-dia-nacional-do-educador\/","title":{"rendered":"Assinala-se hoje o dia Nacional do Educador"},"content":{"rendered":"<p><img loading=\"lazy\" class=\"size-full wp-image-118594 alignleft\" src=\"https:\/\/rna.ao\/rna.ao\/wp-content\/uploads\/2023\/10\/professores-em-angola.jpg\" alt=\"\" width=\"270\" height=\"137\" \/>O Pa\u00eds celebra hoje, 22 de Novembro, o Dia Nacional do Educador papel que serve para educar a sociedade, bem como as implica\u00e7\u00f5es sociais da sua actividade na constru\u00e7\u00e3o de uma Angola mais moderna e globalizada.\u00a0 A data constitui, tamb\u00e9m, uma ocasi\u00e3o importante para que os intervenientes do processo educativo reflictam sobre os principais problemas do sector, visando encontrar f\u00f3rmulas eficientes para a sua supera\u00e7\u00e3o. Por ocasi\u00e3o da data, a cidade Dondo, no Cuanza-Norte, est\u00e1 a beneficiar de um novo complexo escolar de 22 salas constru\u00eddo no \u00e2mbito do PIIM. Ou\u00e7a no \u00e1udio abaixo toda informa\u00e7\u00e3o com a reportagem do Jesus Jos\u00e9:<\/p>\n\t<div class=\"qtmplayer-playlist-large\">\n\t\t<ul class=\"qtmplayer-playlist\">\n\t\t\t\n\t\t\t\t\t<li class=\"qtmplayer-trackitem\">\n\t\t<img src=\"https:\/\/rna.ao\/rna.ao\/wp-content\/uploads\/2023\/10\/professores-em-angola-100x100.jpg\" alt=\"cover\">\t\t<span \t\t\tdata-qtmplayer-cover=\"https:\/\/rna.ao\/rna.ao\/wp-content\/uploads\/2023\/10\/professores-em-angola.jpg\"\n\t\t\t\t\t\tdata-qtmplayer-file=\"https:\/\/rna.ao\/rna.ao\/wp-content\/uploads\/2025\/11\/CUANZA-NORTE-COMPLEXO-ESCOLAR-07HRS.mp3\"\n\t\t\t\t\t\tdata-qtmplayer-title=\"Assinala-se hoje o dia Nacional do Educador\"\n\t\t\t\t\t\tdata-qtmplayer-artist=\"Ant\u00f3nio Augusto\"\n\t\t\t\t\t\tdata-qtmplayer-link=\"https:\/\/rna.ao\/rna.ao\/2025\/11\/22\/assinala-se-hoje-o-dia-nacional-do-educador\/\"\n\t\t\t\t\t\tdata-qtmplayer-icon=\"file_download\"\n\t\t\t\t\t\tdata-qtmplayer-type=\"track\"\n\t\t\t class=\"qtmplayer-play qtmplayer-link-sec qtmplayer-play-btn\"><i class='material-icons'>play_arrow<\/i><\/span>\n\t\t<p>\n\t\t\t<span class=\"qtmplayer-tit\">Assinala-se hoje o dia Nacional do Educador<\/span>\n\t\t\t<span class=\"qtmplayer-art\">Ant\u00f3nio Augusto<\/span>\n\t\t<\/p>\n\t<\/li>\n\t\t<\/ul>\n\t<\/div>\t\t\t\n\t\n<p>No Zaire, a celebra\u00e7\u00e3o do dia do educador tamb\u00e9m ficou marcada pela inaugura\u00e7\u00e3o de uma escola munic\u00edpio do Lufico. A infraestrutura que custou 115 milh\u00f5es de kwanzas tem sete salas e vai albergar mais 500 alunos. Saiba mais dados no \u00e1udio abaixo com o rep\u00f3rter Diabanza Eduardo:<\/p>\n\t<div class=\"qtmplayer-playlist-large\">\n\t\t<ul class=\"qtmplayer-playlist\">\n\t\t\t\n\t\t\t\t\t<li class=\"qtmplayer-trackitem\">\n\t\t<img src=\"https:\/\/rna.ao\/rna.ao\/wp-content\/uploads\/2023\/10\/professores-em-angola-100x100.jpg\" alt=\"cover\">\t\t<span \t\t\tdata-qtmplayer-cover=\"https:\/\/rna.ao\/rna.ao\/wp-content\/uploads\/2023\/10\/professores-em-angola.jpg\"\n\t\t\t\t\t\tdata-qtmplayer-file=\"https:\/\/rna.ao\/rna.ao\/wp-content\/uploads\/2025\/11\/ZAIRE-ESCOLA-07HRS.mp3\"\n\t\t\t\t\t\tdata-qtmplayer-title=\"Assinala-se hoje o dia Nacional do Educador\"\n\t\t\t\t\t\tdata-qtmplayer-artist=\"Ant\u00f3nio Augusto\"\n\t\t\t\t\t\tdata-qtmplayer-link=\"https:\/\/rna.ao\/rna.ao\/2025\/11\/22\/assinala-se-hoje-o-dia-nacional-do-educador\/\"\n\t\t\t\t\t\tdata-qtmplayer-icon=\"file_download\"\n\t\t\t\t\t\tdata-qtmplayer-type=\"track\"\n\t\t\t class=\"qtmplayer-play qtmplayer-link-sec qtmplayer-play-btn\"><i class='material-icons'>play_arrow<\/i><\/span>\n\t\t<p>\n\t\t\t<span class=\"qtmplayer-tit\">Assinala-se hoje o dia Nacional do Educador<\/span>\n\t\t\t<span class=\"qtmplayer-art\">Ant\u00f3nio Augusto<\/span>\n\t\t<\/p>\n\t<\/li>\n\t\t<\/ul>\n\t<\/div>\t\t\t\n\t\n","protected":false},"excerpt":{"rendered":"<p>O Pa\u00eds celebra hoje, 22 de Novembro, o Dia Nacional do Educador papel que serve para educar a sociedade, bem como as implica\u00e7\u00f5es sociais da sua actividade na constru\u00e7\u00e3o de uma Angola mais moderna e globalizada.\u00a0 A data constitui, tamb\u00e9m, uma ocasi\u00e3o importante para que os intervenientes do processo educativo ...<\/p>\n","protected":false},"author":23,"featured_media":118594,"comment_status":"closed","ping_status":"closed","sticky":false,"template":"","format":"standard","meta":[],"categories":[142,121,163],"tags":[],"_links":{"self":[{"href":"https:\/\/rna.ao\/rna.ao\/wp-json\/wp\/v2\/posts\/199136"}],"collection":[{"href":"https:\/\/rna.ao\/rna.ao\/wp-json\/wp\/v2\/posts"}],"about":[{"href":"https:\/\/rna.ao\/rna.ao\/wp-json\/wp\/v2\/types\/post"}],"author":[{"embeddable":true,"href":"https:\/\/rna.ao\/rna.ao\/wp-json\/wp\/v2\/users\/23"}],"replies":[{"embeddable":true,"href":"https:\/\/rna.ao\/rna.ao\/wp-json\/wp\/v2\/comments?post=199136"}],"version-history":[{"count":1,"href":"https:\/\/rna.ao\/rna.ao\/wp-json\/wp\/v2\/posts\/199136\/revisions"}],"predecessor-version":[{"id":199139,"href":"https:\/\/rna.ao\/rna.ao\/wp-json\/wp\/v2\/posts\/199136\/revisions\/199139"}],"wp:featuredmedia":[{"embeddable":true,"href":"https:\/\/rna.ao\/rna.ao\/wp-json\/wp\/v2\/media\/118594"}],"wp:attachment":[{"href":"https:\/\/rna.ao\/rna.ao\/wp-json\/wp\/v2\/media?parent=199136"}],"wp:term":[{"taxonomy":"category","embeddable":true,"href":"https:\/\/rna.ao\/rna.ao\/wp-json\/wp\/v2\/categories?post=199136"},{"taxonomy":"post_tag","embeddable":true,"href":"https:\/\/rna.ao\/rna.ao\/wp-json\/wp\/v2\/tags?post=199136"}],"curies":[{"name":"wp","href":"https:\/\/api.w.org\/{rel}","templated":true}]}}