{"id":199126,"date":"2025-11-22T09:27:10","date_gmt":"2025-11-22T08:27:10","guid":{"rendered":"https:\/\/rna.ao\/rna.ao\/?p=199126"},"modified":"2025-11-22T09:27:10","modified_gmt":"2025-11-22T08:27:10","slug":"no-proximos-dias-angola-vai-contar-com-40-paineis-solares-com-uma-potencia-de-25-megawatts","status":"publish","type":"post","link":"https:\/\/rna.ao\/rna.ao\/2025\/11\/22\/no-proximos-dias-angola-vai-contar-com-40-paineis-solares-com-uma-potencia-de-25-megawatts\/","title":{"rendered":"No Proximos dias, Angola vai contar com 40 pain\u00e9is solares com uma pot\u00eancia de 25 megawatts"},"content":{"rendered":"<p><img loading=\"lazy\" class=\"size-full wp-image-199129 alignleft\" src=\"https:\/\/rna.ao\/rna.ao\/wp-content\/uploads\/2025\/11\/Projectos-Solares-da-PRODEL.jpg\" alt=\"\" width=\"335\" height=\"150\" \/>Angola apresentou nas reuni\u00f5es t\u00e9cnicas da COP-30 do Brasil, a sua estrat\u00e9gia de explora\u00e7\u00e3o e produ\u00e7\u00e3o de electricidade. A estrat\u00e9gia prev\u00ea a constru\u00e7\u00e3o de parques solares, no \u00e2mbito do projecto de transi\u00e7\u00e3o energ\u00e9tica e energias limpas. Jandira Ribeiro, Chefe de Projectos Solares da PRODEL, afirma que em setembro deste ano, Angola fechou o seu projecto denominado SOLAR UM. Jandira Ribeiro fez saber que o projecto inclui sete parques solares, com uma pot\u00eancia de 370 megawatts. Clique no \u00e1udio e ou\u00e7a:<\/p>\n\t<div class=\"qtmplayer-playlist-large\">\n\t\t<ul class=\"qtmplayer-playlist\">\n\t\t\t\n\t\t\t\t\t<li class=\"qtmplayer-trackitem\">\n\t\t<img src=\"https:\/\/rna.ao\/rna.ao\/wp-content\/uploads\/2025\/11\/Projectos-Solares-da-PRODEL-100x100.jpg\" alt=\"cover\">\t\t<span \t\t\tdata-qtmplayer-cover=\"https:\/\/rna.ao\/rna.ao\/wp-content\/uploads\/2025\/11\/Projectos-Solares-da-PRODEL.jpg\"\n\t\t\t\t\t\tdata-qtmplayer-file=\"https:\/\/rna.ao\/rna.ao\/wp-content\/uploads\/2025\/11\/JANDIRA-RIBEIRO-1-07HRS.mp3\"\n\t\t\t\t\t\tdata-qtmplayer-title=\"No Proximos dias, Angola vai contar com 40 pain\u00e9is solares com uma pot\u00eancia de 25 megawatts\"\n\t\t\t\t\t\tdata-qtmplayer-artist=\"Ant\u00f3nio Augusto\"\n\t\t\t\t\t\tdata-qtmplayer-link=\"https:\/\/rna.ao\/rna.ao\/2025\/11\/22\/no-proximos-dias-angola-vai-contar-com-40-paineis-solares-com-uma-potencia-de-25-megawatts\/\"\n\t\t\t\t\t\tdata-qtmplayer-icon=\"file_download\"\n\t\t\t\t\t\tdata-qtmplayer-type=\"track\"\n\t\t\t class=\"qtmplayer-play qtmplayer-link-sec qtmplayer-play-btn\"><i class='material-icons'>play_arrow<\/i><\/span>\n\t\t<p>\n\t\t\t<span class=\"qtmplayer-tit\">No Proximos dias, Angola vai contar com 40 pain\u00e9is solares com uma pot\u00eancia de 25 megawatts<\/span>\n\t\t\t<span class=\"qtmplayer-art\">Ant\u00f3nio Augusto<\/span>\n\t\t<\/p>\n\t<\/li>\n\t\t<\/ul>\n\t<\/div>\t\t\t\n\t\n<p>Ainda no \u00e2mbito da energia solar, a engenheira Jandira Ribeira anunciou que o Executivo j\u00e1 tem identificado e em carteira, mais de 130 projectos, dos quais 65 est\u00e3o no leste de Angola. A Engenheira Jandira Ribeiro, anunciou tamb\u00e9m a inaugura\u00e7\u00e3o neste m\u00eas, de um projecto com 40 mil pain\u00e9is solares com uma pot\u00eancia de 25 megawatts. Clique no \u00e1udio e ou\u00e7a:<\/p>\n\t<div class=\"qtmplayer-playlist-large\">\n\t\t<ul class=\"qtmplayer-playlist\">\n\t\t\t\n\t\t\t\t\t<li class=\"qtmplayer-trackitem\">\n\t\t<img src=\"https:\/\/rna.ao\/rna.ao\/wp-content\/uploads\/2025\/11\/Projectos-Solares-da-PRODEL-100x100.jpg\" alt=\"cover\">\t\t<span \t\t\tdata-qtmplayer-cover=\"https:\/\/rna.ao\/rna.ao\/wp-content\/uploads\/2025\/11\/Projectos-Solares-da-PRODEL.jpg\"\n\t\t\t\t\t\tdata-qtmplayer-file=\"https:\/\/rna.ao\/rna.ao\/wp-content\/uploads\/2025\/11\/JANDIRA-RIBEIRO-2-07HRS.mp3\"\n\t\t\t\t\t\tdata-qtmplayer-title=\"No Proximos dias, Angola vai contar com 40 pain\u00e9is solares com uma pot\u00eancia de 25 megawatts\"\n\t\t\t\t\t\tdata-qtmplayer-artist=\"Ant\u00f3nio Augusto\"\n\t\t\t\t\t\tdata-qtmplayer-link=\"https:\/\/rna.ao\/rna.ao\/2025\/11\/22\/no-proximos-dias-angola-vai-contar-com-40-paineis-solares-com-uma-potencia-de-25-megawatts\/\"\n\t\t\t\t\t\tdata-qtmplayer-icon=\"file_download\"\n\t\t\t\t\t\tdata-qtmplayer-type=\"track\"\n\t\t\t class=\"qtmplayer-play qtmplayer-link-sec qtmplayer-play-btn\"><i class='material-icons'>play_arrow<\/i><\/span>\n\t\t<p>\n\t\t\t<span class=\"qtmplayer-tit\">No Proximos dias, Angola vai contar com 40 pain\u00e9is solares com uma pot\u00eancia de 25 megawatts<\/span>\n\t\t\t<span class=\"qtmplayer-art\">Ant\u00f3nio Augusto<\/span>\n\t\t<\/p>\n\t<\/li>\n\t\t<\/ul>\n\t<\/div>\t\t\t\n\t\n","protected":false},"excerpt":{"rendered":"<p>Angola apresentou nas reuni\u00f5es t\u00e9cnicas da COP-30 do Brasil, a sua estrat\u00e9gia de explora\u00e7\u00e3o e produ\u00e7\u00e3o de electricidade. A estrat\u00e9gia prev\u00ea a constru\u00e7\u00e3o de parques solares, no \u00e2mbito do projecto de transi\u00e7\u00e3o energ\u00e9tica e energias limpas. Jandira Ribeiro, Chefe de Projectos Solares da PRODEL, afirma que em setembro deste ano, ...<\/p>\n","protected":false},"author":23,"featured_media":199129,"comment_status":"closed","ping_status":"closed","sticky":false,"template":"","format":"standard","meta":[],"categories":[142,121,163],"tags":[],"_links":{"self":[{"href":"https:\/\/rna.ao\/rna.ao\/wp-json\/wp\/v2\/posts\/199126"}],"collection":[{"href":"https:\/\/rna.ao\/rna.ao\/wp-json\/wp\/v2\/posts"}],"about":[{"href":"https:\/\/rna.ao\/rna.ao\/wp-json\/wp\/v2\/types\/post"}],"author":[{"embeddable":true,"href":"https:\/\/rna.ao\/rna.ao\/wp-json\/wp\/v2\/users\/23"}],"replies":[{"embeddable":true,"href":"https:\/\/rna.ao\/rna.ao\/wp-json\/wp\/v2\/comments?post=199126"}],"version-history":[{"count":1,"href":"https:\/\/rna.ao\/rna.ao\/wp-json\/wp\/v2\/posts\/199126\/revisions"}],"predecessor-version":[{"id":199130,"href":"https:\/\/rna.ao\/rna.ao\/wp-json\/wp\/v2\/posts\/199126\/revisions\/199130"}],"wp:featuredmedia":[{"embeddable":true,"href":"https:\/\/rna.ao\/rna.ao\/wp-json\/wp\/v2\/media\/199129"}],"wp:attachment":[{"href":"https:\/\/rna.ao\/rna.ao\/wp-json\/wp\/v2\/media?parent=199126"}],"wp:term":[{"taxonomy":"category","embeddable":true,"href":"https:\/\/rna.ao\/rna.ao\/wp-json\/wp\/v2\/categories?post=199126"},{"taxonomy":"post_tag","embeddable":true,"href":"https:\/\/rna.ao\/rna.ao\/wp-json\/wp\/v2\/tags?post=199126"}],"curies":[{"name":"wp","href":"https:\/\/api.w.org\/{rel}","templated":true}]}}