{"id":199114,"date":"2025-11-22T09:05:56","date_gmt":"2025-11-22T08:05:56","guid":{"rendered":"https:\/\/rna.ao\/rna.ao\/?p=199114"},"modified":"2025-11-22T09:05:56","modified_gmt":"2025-11-22T08:05:56","slug":"chefe-de-estado-angolano-participa-hoje-na-cimeira-do-g-20-na-qualidade-de-presidente-da-uniao-africana","status":"publish","type":"post","link":"https:\/\/rna.ao\/rna.ao\/2025\/11\/22\/chefe-de-estado-angolano-participa-hoje-na-cimeira-do-g-20-na-qualidade-de-presidente-da-uniao-africana\/","title":{"rendered":"Chefe de Estado angolano participa hoje na Cimeira do G-20 na qualidade de Presidente da Uni\u00e3o Africana"},"content":{"rendered":"<p><img loading=\"lazy\" class=\"size-full wp-image-193220 alignleft\" src=\"https:\/\/rna.ao\/rna.ao\/wp-content\/uploads\/2025\/09\/joao-lourenco-preisdente.jpg\" alt=\"\" width=\"297\" height=\"257\" \/>O Presidente Jo\u00e3o Louren\u00e7o, j\u00e1 est\u00e1 em Joanesburgo, \u00c1frica do Sul, onde vai participar neste s\u00e1bado, na reuni\u00e3o do G-20. Jo\u00e3o Louren\u00e7o, vai discursar na Cimeira que junta as vinte maiores economias do mundo na qualidade de Presidente em Exerc\u00edcio da Uni\u00e3o Africana. S\u00e3o esperados na p\u00e1tria de Nelson Mandela mais de 133 delega\u00e7\u00f5es oficiais. Ou\u00e7a no \u00e1udio abaixo toda informa\u00e7\u00e3o com a reportagem da Sany Fuche:<\/p>\n\t<div class=\"qtmplayer-playlist-large\">\n\t\t<ul class=\"qtmplayer-playlist\">\n\t\t\t\n\t\t\t\t\t<li class=\"qtmplayer-trackitem\">\n\t\t<img src=\"https:\/\/rna.ao\/rna.ao\/wp-content\/uploads\/2025\/09\/joao-lourenco-preisdente-100x100.jpg\" alt=\"cover\">\t\t<span \t\t\tdata-qtmplayer-cover=\"https:\/\/rna.ao\/rna.ao\/wp-content\/uploads\/2025\/09\/joao-lourenco-preisdente.jpg\"\n\t\t\t\t\t\tdata-qtmplayer-file=\"https:\/\/rna.ao\/rna.ao\/wp-content\/uploads\/2025\/11\/SANY-FUCHE-07HRS.mp3\"\n\t\t\t\t\t\tdata-qtmplayer-title=\"Chefe de Estado angolano participa hoje na Cimeira do G-20 na qualidade de Presidente da Uni\u00e3o Africana\"\n\t\t\t\t\t\tdata-qtmplayer-artist=\"Ant\u00f3nio Augusto\"\n\t\t\t\t\t\tdata-qtmplayer-link=\"https:\/\/rna.ao\/rna.ao\/2025\/11\/22\/chefe-de-estado-angolano-participa-hoje-na-cimeira-do-g-20-na-qualidade-de-presidente-da-uniao-africana\/\"\n\t\t\t\t\t\tdata-qtmplayer-icon=\"file_download\"\n\t\t\t\t\t\tdata-qtmplayer-type=\"track\"\n\t\t\t class=\"qtmplayer-play qtmplayer-link-sec qtmplayer-play-btn\"><i class='material-icons'>play_arrow<\/i><\/span>\n\t\t<p>\n\t\t\t<span class=\"qtmplayer-tit\">Chefe de Estado angolano participa hoje na Cimeira do G-20 na qualidade de Presidente da Uni\u00e3o Africana<\/span>\n\t\t\t<span class=\"qtmplayer-art\">Ant\u00f3nio Augusto<\/span>\n\t\t<\/p>\n\t<\/li>\n\t\t<\/ul>\n\t<\/div>\t\t\t\n\t\n","protected":false},"excerpt":{"rendered":"<p>O Presidente Jo\u00e3o Louren\u00e7o, j\u00e1 est\u00e1 em Joanesburgo, \u00c1frica do Sul, onde vai participar neste s\u00e1bado, na reuni\u00e3o do G-20. Jo\u00e3o Louren\u00e7o, vai discursar na Cimeira que junta as vinte maiores economias do mundo na qualidade de Presidente em Exerc\u00edcio da Uni\u00e3o Africana. S\u00e3o esperados na p\u00e1tria de Nelson Mandela ...<\/p>\n","protected":false},"author":23,"featured_media":193220,"comment_status":"closed","ping_status":"closed","sticky":false,"template":"","format":"standard","meta":[],"categories":[142,121,163],"tags":[],"_links":{"self":[{"href":"https:\/\/rna.ao\/rna.ao\/wp-json\/wp\/v2\/posts\/199114"}],"collection":[{"href":"https:\/\/rna.ao\/rna.ao\/wp-json\/wp\/v2\/posts"}],"about":[{"href":"https:\/\/rna.ao\/rna.ao\/wp-json\/wp\/v2\/types\/post"}],"author":[{"embeddable":true,"href":"https:\/\/rna.ao\/rna.ao\/wp-json\/wp\/v2\/users\/23"}],"replies":[{"embeddable":true,"href":"https:\/\/rna.ao\/rna.ao\/wp-json\/wp\/v2\/comments?post=199114"}],"version-history":[{"count":1,"href":"https:\/\/rna.ao\/rna.ao\/wp-json\/wp\/v2\/posts\/199114\/revisions"}],"predecessor-version":[{"id":199116,"href":"https:\/\/rna.ao\/rna.ao\/wp-json\/wp\/v2\/posts\/199114\/revisions\/199116"}],"wp:featuredmedia":[{"embeddable":true,"href":"https:\/\/rna.ao\/rna.ao\/wp-json\/wp\/v2\/media\/193220"}],"wp:attachment":[{"href":"https:\/\/rna.ao\/rna.ao\/wp-json\/wp\/v2\/media?parent=199114"}],"wp:term":[{"taxonomy":"category","embeddable":true,"href":"https:\/\/rna.ao\/rna.ao\/wp-json\/wp\/v2\/categories?post=199114"},{"taxonomy":"post_tag","embeddable":true,"href":"https:\/\/rna.ao\/rna.ao\/wp-json\/wp\/v2\/tags?post=199114"}],"curies":[{"name":"wp","href":"https:\/\/api.w.org\/{rel}","templated":true}]}}