{"id":199033,"date":"2025-11-21T11:34:43","date_gmt":"2025-11-21T10:34:43","guid":{"rendered":"https:\/\/rna.ao\/rna.ao\/?p=199033"},"modified":"2025-11-21T11:36:20","modified_gmt":"2025-11-21T10:36:20","slug":"vencedores-do-premio-nacional-de-cultura-e-artes-2025-recebem-seus-galardoes","status":"publish","type":"post","link":"https:\/\/rna.ao\/rna.ao\/2025\/11\/21\/vencedores-do-premio-nacional-de-cultura-e-artes-2025-recebem-seus-galardoes\/","title":{"rendered":"Vencedores do Pr\u00eamio Nacional de Cultura e Artes 2025 recebem seus galard\u00f5es"},"content":{"rendered":"<p><img loading=\"lazy\" class=\"alignnone size-medium wp-image-199034\" src=\"https:\/\/rna.ao\/rna.ao\/wp-content\/uploads\/2025\/11\/IMG_2318-770x513.jpeg\" alt=\"\" width=\"770\" height=\"513\" srcset=\"https:\/\/rna.ao\/rna.ao\/wp-content\/uploads\/2025\/11\/IMG_2318-770x513.jpeg 770w, https:\/\/rna.ao\/rna.ao\/wp-content\/uploads\/2025\/11\/IMG_2318-1170x780.jpeg 1170w, https:\/\/rna.ao\/rna.ao\/wp-content\/uploads\/2025\/11\/IMG_2318-768x512.jpeg 768w, https:\/\/rna.ao\/rna.ao\/wp-content\/uploads\/2025\/11\/IMG_2318-1536x1023.jpeg 1536w, https:\/\/rna.ao\/rna.ao\/wp-content\/uploads\/2025\/11\/IMG_2318.jpeg 1600w\" sizes=\"(max-width: 770px) 100vw, 770px\" \/>Aconteceu na noite desta quinta-feira a cerim\u00f3nia oficial de entrega do Pr\u00eamio Nacional de Cultura e Artes 2025, em sess\u00e3o de gala, que teve lugar no Hotel EPIC Sana, em Luanda.<\/p>\n<p>O an\u00fancio dos vencedores do pr\u00eamio, que j\u00e1 vai na sua 26\u00aa edi\u00e7\u00e3o, aconteceu no dia 7 de novembro.<\/p>\n<p>Nesta edi\u00e7\u00e3o, o j\u00fari privilegiou obras e personalidades que contribuem para a preserva\u00e7\u00e3o da identidade nacional, no contexto da celebra\u00e7\u00e3o dos 50 anos da Independ\u00eancia.<\/p>\n<p>Na categoria de Artes Visuais e Pl\u00e1sticas, o pr\u00eamio foi atribu\u00eddo \u00e0 estilista Elizabeth Santos, pela valoriza\u00e7\u00e3o da est\u00e9tica e dos s\u00edmbolos da cultura angolana atrav\u00e9s da moda. Em Cinema e Audiovisual, venceu a s\u00e9rie documental \u201cO Processo\u201d, de H\u00e9lder Filipe e Renata Torres.<\/p>\n<p>Na categoria de Dan\u00e7a, foi distinguido Tony Amado, criador do Kuduro, pela relev\u00e2ncia cultural e impacto internacional da sua obra. Em M\u00fasica, o pr\u00eamio foi entregue \u00e0 compositora Rosita Palma, destacada pela expressividade art\u00edstica e preserva\u00e7\u00e3o da l\u00edngua nacional.<\/p>\n<p>Na categoria de Literatura, o galard\u00e3o foi atribu\u00eddo a t\u00edtulo p\u00f3stumo ao escritor Ant\u00f3nio Jacinto, reconhecido pela import\u00e2ncia hist\u00f3rica e est\u00e9tica da sua obra. Em Teatro, foi premiado o Circuito Internacional de Teatro &#8211; CIT, pela promo\u00e7\u00e3o e circula\u00e7\u00e3o das artes c\u00e9nicas.<\/p>\n<p>Por fim, em Ci\u00eancias Humanas e Sociais, o pr\u00eamio distinguiu a obra \u201cAngola: Desde antes da sua cria\u00e7\u00e3o pelos portugueses at\u00e9 ao \u00eaxodo destes por nossa cria\u00e7\u00e3o\u201d, de Carlos Mariano Manuel. Jornalista Madalena Manuel. Clique no \u00e1udio e ou\u00e7a:<\/p>\n\t<div class=\"qtmplayer-playlist-large\">\n\t\t<ul class=\"qtmplayer-playlist\">\n\t\t\t\n\t\t\t\t\t<li class=\"qtmplayer-trackitem\">\n\t\t<img src=\"https:\/\/rna.ao\/rna.ao\/wp-content\/uploads\/2025\/11\/IMG_2317-100x100.jpeg\" alt=\"cover\">\t\t<span \t\t\tdata-qtmplayer-cover=\"https:\/\/rna.ao\/rna.ao\/wp-content\/uploads\/2025\/11\/IMG_2317-370x370.jpeg\"\n\t\t\t\t\t\tdata-qtmplayer-file=\"https:\/\/rna.ao\/rna.ao\/wp-content\/uploads\/2025\/11\/RADIO-CULTURA-PREMIO-DE-CULTURA-E-ARTES-EMISSAO.mp3\"\n\t\t\t\t\t\tdata-qtmplayer-title=\"Vencedores do Pr\u00eamio Nacional de Cultura e Artes 2025 recebem seus galard\u00f5es\"\n\t\t\t\t\t\tdata-qtmplayer-artist=\"Juliana Nunes\"\n\t\t\t\t\t\tdata-qtmplayer-link=\"https:\/\/rna.ao\/rna.ao\/2025\/11\/21\/vencedores-do-premio-nacional-de-cultura-e-artes-2025-recebem-seus-galardoes\/\"\n\t\t\t\t\t\tdata-qtmplayer-icon=\"file_download\"\n\t\t\t\t\t\tdata-qtmplayer-type=\"track\"\n\t\t\t class=\"qtmplayer-play qtmplayer-link-sec qtmplayer-play-btn\"><i class='material-icons'>play_arrow<\/i><\/span>\n\t\t<p>\n\t\t\t<span class=\"qtmplayer-tit\">Vencedores do Pr\u00eamio Nacional de Cultura e Artes 2025 recebem seus galard\u00f5es<\/span>\n\t\t\t<span class=\"qtmplayer-art\">Juliana Nunes<\/span>\n\t\t<\/p>\n\t<\/li>\n\t\t<\/ul>\n\t<\/div>\t\t\t\n\t\n","protected":false},"excerpt":{"rendered":"<p>Aconteceu na noite desta quinta-feira a cerim\u00f3nia oficial de entrega do Pr\u00eamio Nacional de Cultura e Artes 2025, em sess\u00e3o de gala, que teve lugar no Hotel EPIC Sana, em Luanda. O an\u00fancio dos vencedores do pr\u00eamio, que j\u00e1 vai na sua 26\u00aa edi\u00e7\u00e3o, aconteceu no dia 7 de novembro. ...<\/p>\n","protected":false},"author":16,"featured_media":199035,"comment_status":"closed","ping_status":"closed","sticky":false,"template":"","format":"standard","meta":[],"categories":[142,121,164,163],"tags":[],"_links":{"self":[{"href":"https:\/\/rna.ao\/rna.ao\/wp-json\/wp\/v2\/posts\/199033"}],"collection":[{"href":"https:\/\/rna.ao\/rna.ao\/wp-json\/wp\/v2\/posts"}],"about":[{"href":"https:\/\/rna.ao\/rna.ao\/wp-json\/wp\/v2\/types\/post"}],"author":[{"embeddable":true,"href":"https:\/\/rna.ao\/rna.ao\/wp-json\/wp\/v2\/users\/16"}],"replies":[{"embeddable":true,"href":"https:\/\/rna.ao\/rna.ao\/wp-json\/wp\/v2\/comments?post=199033"}],"version-history":[{"count":2,"href":"https:\/\/rna.ao\/rna.ao\/wp-json\/wp\/v2\/posts\/199033\/revisions"}],"predecessor-version":[{"id":199038,"href":"https:\/\/rna.ao\/rna.ao\/wp-json\/wp\/v2\/posts\/199033\/revisions\/199038"}],"wp:featuredmedia":[{"embeddable":true,"href":"https:\/\/rna.ao\/rna.ao\/wp-json\/wp\/v2\/media\/199035"}],"wp:attachment":[{"href":"https:\/\/rna.ao\/rna.ao\/wp-json\/wp\/v2\/media?parent=199033"}],"wp:term":[{"taxonomy":"category","embeddable":true,"href":"https:\/\/rna.ao\/rna.ao\/wp-json\/wp\/v2\/categories?post=199033"},{"taxonomy":"post_tag","embeddable":true,"href":"https:\/\/rna.ao\/rna.ao\/wp-json\/wp\/v2\/tags?post=199033"}],"curies":[{"name":"wp","href":"https:\/\/api.w.org\/{rel}","templated":true}]}}