{"id":199021,"date":"2025-11-21T10:59:57","date_gmt":"2025-11-21T09:59:57","guid":{"rendered":"https:\/\/rna.ao\/rna.ao\/?p=199021"},"modified":"2025-11-21T11:01:19","modified_gmt":"2025-11-21T10:01:19","slug":"jovens-africanos-e-europeus-defendem-melhor-aproveitamento-das-vantagens-da-cooperacao-entre-os-dois-continentes","status":"publish","type":"post","link":"https:\/\/rna.ao\/rna.ao\/2025\/11\/21\/jovens-africanos-e-europeus-defendem-melhor-aproveitamento-das-vantagens-da-cooperacao-entre-os-dois-continentes\/","title":{"rendered":"Jovens africanos e europeus defendem melhor aproveitamento das vantagens da coopera\u00e7\u00e3o entre os dois continentes"},"content":{"rendered":"<p><img loading=\"lazy\" class=\"alignnone size-medium wp-image-199023\" src=\"https:\/\/rna.ao\/rna.ao\/wp-content\/uploads\/2025\/11\/IMG_2315-671x770.jpeg\" alt=\"\" width=\"671\" height=\"770\" srcset=\"https:\/\/rna.ao\/rna.ao\/wp-content\/uploads\/2025\/11\/IMG_2315-671x770.jpeg 671w, https:\/\/rna.ao\/rna.ao\/wp-content\/uploads\/2025\/11\/IMG_2315-1019x1170.jpeg 1019w, https:\/\/rna.ao\/rna.ao\/wp-content\/uploads\/2025\/11\/IMG_2315-768x882.jpeg 768w, https:\/\/rna.ao\/rna.ao\/wp-content\/uploads\/2025\/11\/IMG_2315.jpeg 1080w\" sizes=\"(max-width: 671px) 100vw, 671px\" \/>Os jovens africanos e europeus defendem um melhor aproveitamento das vantagens da coopera\u00e7\u00e3o entre os dois continentes.<\/p>\n<p>A forma\u00e7\u00e3o, a seguran\u00e7a e o melhor uso das suas habilidades est\u00e3o entre os temas abordados no f\u00f3rum que decorre em Luanda.<\/p>\n<p>Trata-se de um evento que se afigura como preparativo da 7\u00aa Cimeira Uni\u00e3o Africana \u2013 Uni\u00e3o Europeia, a decorrer em Luanda nos dias 24 e 25 deste m\u00eas. Jornalista Fowen Macanja. Clique no \u00e1udio e ou\u00e7a:<\/p>\n\t<div class=\"qtmplayer-playlist-large\">\n\t\t<ul class=\"qtmplayer-playlist\">\n\t\t\t\n\t\t\t\t\t<li class=\"qtmplayer-trackitem\">\n\t\t<img src=\"https:\/\/rna.ao\/rna.ao\/wp-content\/uploads\/2025\/11\/IMG_2315-100x100.jpeg\" alt=\"cover\">\t\t<span \t\t\tdata-qtmplayer-cover=\"https:\/\/rna.ao\/rna.ao\/wp-content\/uploads\/2025\/11\/IMG_2315-370x370.jpeg\"\n\t\t\t\t\t\tdata-qtmplayer-file=\"https:\/\/rna.ao\/rna.ao\/wp-content\/uploads\/2025\/11\/FOWEN-MACANJA-7H.mp3\"\n\t\t\t\t\t\tdata-qtmplayer-title=\"Jovens africanos e europeus defendem melhor aproveitamento das vantagens da coopera\u00e7\u00e3o entre os dois continentes\"\n\t\t\t\t\t\tdata-qtmplayer-artist=\"Juliana Nunes\"\n\t\t\t\t\t\tdata-qtmplayer-link=\"https:\/\/rna.ao\/rna.ao\/2025\/11\/21\/jovens-africanos-e-europeus-defendem-melhor-aproveitamento-das-vantagens-da-cooperacao-entre-os-dois-continentes\/\"\n\t\t\t\t\t\tdata-qtmplayer-icon=\"file_download\"\n\t\t\t\t\t\tdata-qtmplayer-type=\"track\"\n\t\t\t class=\"qtmplayer-play qtmplayer-link-sec qtmplayer-play-btn\"><i class='material-icons'>play_arrow<\/i><\/span>\n\t\t<p>\n\t\t\t<span class=\"qtmplayer-tit\">Jovens africanos e europeus defendem melhor aproveitamento das vantagens da coopera\u00e7\u00e3o entre os dois continentes<\/span>\n\t\t\t<span class=\"qtmplayer-art\">Juliana Nunes<\/span>\n\t\t<\/p>\n\t<\/li>\n\t\t<\/ul>\n\t<\/div>\t\t\t\n\t\n","protected":false},"excerpt":{"rendered":"<p>Os jovens africanos e europeus defendem um melhor aproveitamento das vantagens da coopera\u00e7\u00e3o entre os dois continentes. A forma\u00e7\u00e3o, a seguran\u00e7a e o melhor uso das suas habilidades est\u00e3o entre os temas abordados no f\u00f3rum que decorre em Luanda. Trata-se de um evento que se afigura como preparativo da 7\u00aa ...<\/p>\n","protected":false},"author":16,"featured_media":199023,"comment_status":"closed","ping_status":"closed","sticky":false,"template":"","format":"standard","meta":[],"categories":[142,121,164,163],"tags":[],"_links":{"self":[{"href":"https:\/\/rna.ao\/rna.ao\/wp-json\/wp\/v2\/posts\/199021"}],"collection":[{"href":"https:\/\/rna.ao\/rna.ao\/wp-json\/wp\/v2\/posts"}],"about":[{"href":"https:\/\/rna.ao\/rna.ao\/wp-json\/wp\/v2\/types\/post"}],"author":[{"embeddable":true,"href":"https:\/\/rna.ao\/rna.ao\/wp-json\/wp\/v2\/users\/16"}],"replies":[{"embeddable":true,"href":"https:\/\/rna.ao\/rna.ao\/wp-json\/wp\/v2\/comments?post=199021"}],"version-history":[{"count":2,"href":"https:\/\/rna.ao\/rna.ao\/wp-json\/wp\/v2\/posts\/199021\/revisions"}],"predecessor-version":[{"id":199026,"href":"https:\/\/rna.ao\/rna.ao\/wp-json\/wp\/v2\/posts\/199021\/revisions\/199026"}],"wp:featuredmedia":[{"embeddable":true,"href":"https:\/\/rna.ao\/rna.ao\/wp-json\/wp\/v2\/media\/199023"}],"wp:attachment":[{"href":"https:\/\/rna.ao\/rna.ao\/wp-json\/wp\/v2\/media?parent=199021"}],"wp:term":[{"taxonomy":"category","embeddable":true,"href":"https:\/\/rna.ao\/rna.ao\/wp-json\/wp\/v2\/categories?post=199021"},{"taxonomy":"post_tag","embeddable":true,"href":"https:\/\/rna.ao\/rna.ao\/wp-json\/wp\/v2\/tags?post=199021"}],"curies":[{"name":"wp","href":"https:\/\/api.w.org\/{rel}","templated":true}]}}