{"id":199002,"date":"2025-11-21T10:20:11","date_gmt":"2025-11-21T09:20:11","guid":{"rendered":"https:\/\/rna.ao\/rna.ao\/?p=199002"},"modified":"2025-11-21T10:20:11","modified_gmt":"2025-11-21T09:20:11","slug":"detidos-dois-jovens-de-23-e-25-anos-supostamente-implicados-no-assassinato-do-trabalhador-da-rna-jose-marino-goncalves","status":"publish","type":"post","link":"https:\/\/rna.ao\/rna.ao\/2025\/11\/21\/detidos-dois-jovens-de-23-e-25-anos-supostamente-implicados-no-assassinato-do-trabalhador-da-rna-jose-marino-goncalves\/","title":{"rendered":"Detidos dois jovens de 23 e 25 anos supostamente implicados no assassinato do trabalhador da RNA Jos\u00e9 Marino Gon\u00e7alves"},"content":{"rendered":"<p><img loading=\"lazy\" class=\"alignnone size-medium wp-image-199004\" src=\"https:\/\/rna.ao\/rna.ao\/wp-content\/uploads\/2025\/11\/IMG_2307-770x559.jpeg\" alt=\"\" width=\"770\" height=\"559\" srcset=\"https:\/\/rna.ao\/rna.ao\/wp-content\/uploads\/2025\/11\/IMG_2307-770x559.jpeg 770w, https:\/\/rna.ao\/rna.ao\/wp-content\/uploads\/2025\/11\/IMG_2307-1170x849.jpeg 1170w, https:\/\/rna.ao\/rna.ao\/wp-content\/uploads\/2025\/11\/IMG_2307-768x557.jpeg 768w, https:\/\/rna.ao\/rna.ao\/wp-content\/uploads\/2025\/11\/IMG_2307.jpeg 1323w\" sizes=\"(max-width: 770px) 100vw, 770px\" \/>O Comando Provincial da Pol\u00edcia Nacional em Luanda confirma a deten\u00e7\u00e3o de dois jovens, de 23 e 25 anos, supostamente implicados no assassinato do trabalhador da RNA Jos\u00e9 Marino Gon\u00e7alves.<\/p>\n<p>O t\u00e9cnico da \u00e1rea de infraestruturas da RNA foi atacado na madrugada do dia 14 de novembro, no Cazenga, por indiv\u00edduos n\u00e3o identificados, tendo sofrido ferimentos graves.<\/p>\n<p>O funcion\u00e1rio da RNA foi socorrido minutos depois por populares, que o conduziram ao Hospital Geral dos Cajueiros, onde acabou por falecer devido \u00e0 gravidade dos ferimentos.<\/p>\n<p>Os restos mortais de Jos\u00e9 Marino foram a sepultar na \u00faltima quarta-feira. Jornalista Kutala Vieira. Clique no \u00e1udio e ou\u00e7a:<\/p>\n\t<div class=\"qtmplayer-playlist-large\">\n\t\t<ul class=\"qtmplayer-playlist\">\n\t\t\t\n\t\t\t\t\t<li class=\"qtmplayer-trackitem\">\n\t\t<img src=\"https:\/\/rna.ao\/rna.ao\/wp-content\/uploads\/2025\/11\/IMG_2307-100x100.jpeg\" alt=\"cover\">\t\t<span \t\t\tdata-qtmplayer-cover=\"https:\/\/rna.ao\/rna.ao\/wp-content\/uploads\/2025\/11\/IMG_2307-370x370.jpeg\"\n\t\t\t\t\t\tdata-qtmplayer-file=\"https:\/\/rna.ao\/rna.ao\/wp-content\/uploads\/2025\/11\/KUTALA-VIEIRA-DETIDOS-OS-IMPLICADOS-DE-JOSE-MARINO.mp3\"\n\t\t\t\t\t\tdata-qtmplayer-title=\"Detidos dois jovens de 23 e 25 anos supostamente implicados no assassinato do trabalhador da RNA Jos\u00e9 Marino Gon\u00e7alves\"\n\t\t\t\t\t\tdata-qtmplayer-artist=\"Juliana Nunes\"\n\t\t\t\t\t\tdata-qtmplayer-link=\"https:\/\/rna.ao\/rna.ao\/2025\/11\/21\/detidos-dois-jovens-de-23-e-25-anos-supostamente-implicados-no-assassinato-do-trabalhador-da-rna-jose-marino-goncalves\/\"\n\t\t\t\t\t\tdata-qtmplayer-icon=\"file_download\"\n\t\t\t\t\t\tdata-qtmplayer-type=\"track\"\n\t\t\t class=\"qtmplayer-play qtmplayer-link-sec qtmplayer-play-btn\"><i class='material-icons'>play_arrow<\/i><\/span>\n\t\t<p>\n\t\t\t<span class=\"qtmplayer-tit\">Detidos dois jovens de 23 e 25 anos supostamente implicados no assassinato do trabalhador da RNA Jos\u00e9 Marino Gon\u00e7alves<\/span>\n\t\t\t<span class=\"qtmplayer-art\">Juliana Nunes<\/span>\n\t\t<\/p>\n\t<\/li>\n\t\t<\/ul>\n\t<\/div>\t\t\t\n\t\n","protected":false},"excerpt":{"rendered":"<p>O Comando Provincial da Pol\u00edcia Nacional em Luanda confirma a deten\u00e7\u00e3o de dois jovens, de 23 e 25 anos, supostamente implicados no assassinato do trabalhador da RNA Jos\u00e9 Marino Gon\u00e7alves. O t\u00e9cnico da \u00e1rea de infraestruturas da RNA foi atacado na madrugada do dia 14 de novembro, no Cazenga, por ...<\/p>\n","protected":false},"author":16,"featured_media":199004,"comment_status":"closed","ping_status":"closed","sticky":false,"template":"","format":"standard","meta":[],"categories":[141,133,164,163],"tags":[],"_links":{"self":[{"href":"https:\/\/rna.ao\/rna.ao\/wp-json\/wp\/v2\/posts\/199002"}],"collection":[{"href":"https:\/\/rna.ao\/rna.ao\/wp-json\/wp\/v2\/posts"}],"about":[{"href":"https:\/\/rna.ao\/rna.ao\/wp-json\/wp\/v2\/types\/post"}],"author":[{"embeddable":true,"href":"https:\/\/rna.ao\/rna.ao\/wp-json\/wp\/v2\/users\/16"}],"replies":[{"embeddable":true,"href":"https:\/\/rna.ao\/rna.ao\/wp-json\/wp\/v2\/comments?post=199002"}],"version-history":[{"count":1,"href":"https:\/\/rna.ao\/rna.ao\/wp-json\/wp\/v2\/posts\/199002\/revisions"}],"predecessor-version":[{"id":199006,"href":"https:\/\/rna.ao\/rna.ao\/wp-json\/wp\/v2\/posts\/199002\/revisions\/199006"}],"wp:featuredmedia":[{"embeddable":true,"href":"https:\/\/rna.ao\/rna.ao\/wp-json\/wp\/v2\/media\/199004"}],"wp:attachment":[{"href":"https:\/\/rna.ao\/rna.ao\/wp-json\/wp\/v2\/media?parent=199002"}],"wp:term":[{"taxonomy":"category","embeddable":true,"href":"https:\/\/rna.ao\/rna.ao\/wp-json\/wp\/v2\/categories?post=199002"},{"taxonomy":"post_tag","embeddable":true,"href":"https:\/\/rna.ao\/rna.ao\/wp-json\/wp\/v2\/tags?post=199002"}],"curies":[{"name":"wp","href":"https:\/\/api.w.org\/{rel}","templated":true}]}}