{"id":198967,"date":"2025-11-21T09:07:40","date_gmt":"2025-11-21T08:07:40","guid":{"rendered":"https:\/\/rna.ao\/rna.ao\/?p=198967"},"modified":"2025-11-21T09:12:05","modified_gmt":"2025-11-21T08:12:05","slug":"pep-claros-revela-motivacao-depois-de-oficializar-a-renovacao-do-contrato-com-a-fab","status":"publish","type":"post","link":"https:\/\/rna.ao\/rna.ao\/2025\/11\/21\/pep-claros-revela-motivacao-depois-de-oficializar-a-renovacao-do-contrato-com-a-fab\/","title":{"rendered":"Pep Clar\u00f3s revela motiva\u00e7\u00e3o depois de oficializar a renova\u00e7\u00e3o do contrato com a FAB"},"content":{"rendered":"<p><img loading=\"lazy\" class=\"alignnone size-medium wp-image-198969\" src=\"https:\/\/rna.ao\/rna.ao\/wp-content\/uploads\/2025\/11\/IMG_2303-770x513.jpeg\" alt=\"\" width=\"770\" height=\"513\" srcset=\"https:\/\/rna.ao\/rna.ao\/wp-content\/uploads\/2025\/11\/IMG_2303-770x513.jpeg 770w, https:\/\/rna.ao\/rna.ao\/wp-content\/uploads\/2025\/11\/IMG_2303-1170x780.jpeg 1170w, https:\/\/rna.ao\/rna.ao\/wp-content\/uploads\/2025\/11\/IMG_2303-768x512.jpeg 768w, https:\/\/rna.ao\/rna.ao\/wp-content\/uploads\/2025\/11\/IMG_2303-1536x1024.jpeg 1536w, https:\/\/rna.ao\/rna.ao\/wp-content\/uploads\/2025\/11\/IMG_2303.jpeg 2048w\" sizes=\"(max-width: 770px) 100vw, 770px\" \/>A Federa\u00e7\u00e3o Angolana de Basquetebol &#8211; FAB e Pep Clar\u00f3s renovaram o contrato para os pr\u00f3ximos anos, at\u00e9 2027, com vista \u00e0 janela de apuramento em Fevereiro, no Egipto, para o Campeonato do Mundo, depois da conquista do Africano S\u00e9nior Masculino.<\/p>\n<p>A oficializa\u00e7\u00e3o do contrato ocorreu durante uma confer\u00eancia de imprensa em Luanda.<\/p>\n<p>O seleccionador nacional, Pep Clar\u00f3s, revela motiva\u00e7\u00e3o ap\u00f3s a extens\u00e3o do contrato de trabalho e agradece o apoio. Clique no \u00e1udio e ou\u00e7a:<\/p>\n\t<div class=\"qtmplayer-playlist-large\">\n\t\t<ul class=\"qtmplayer-playlist\">\n\t\t\t\n\t\t\t\t\t<li class=\"qtmplayer-trackitem\">\n\t\t<img src=\"https:\/\/rna.ao\/rna.ao\/wp-content\/uploads\/2025\/11\/IMG_2303-100x100.jpeg\" alt=\"cover\">\t\t<span \t\t\tdata-qtmplayer-cover=\"https:\/\/rna.ao\/rna.ao\/wp-content\/uploads\/2025\/11\/IMG_2303-370x370.jpeg\"\n\t\t\t\t\t\tdata-qtmplayer-file=\"https:\/\/rna.ao\/rna.ao\/wp-content\/uploads\/2025\/11\/P-J-1-PEP-CLAROS-21-11-25.mp3\"\n\t\t\t\t\t\tdata-qtmplayer-title=\"Pep Clar\u00f3s revela motiva\u00e7\u00e3o depois de oficializar a renova\u00e7\u00e3o do contrato com a FAB\"\n\t\t\t\t\t\tdata-qtmplayer-artist=\"Juliana Nunes\"\n\t\t\t\t\t\tdata-qtmplayer-link=\"https:\/\/rna.ao\/rna.ao\/2025\/11\/21\/pep-claros-revela-motivacao-depois-de-oficializar-a-renovacao-do-contrato-com-a-fab\/\"\n\t\t\t\t\t\tdata-qtmplayer-icon=\"file_download\"\n\t\t\t\t\t\tdata-qtmplayer-type=\"track\"\n\t\t\t class=\"qtmplayer-play qtmplayer-link-sec qtmplayer-play-btn\"><i class='material-icons'>play_arrow<\/i><\/span>\n\t\t<p>\n\t\t\t<span class=\"qtmplayer-tit\">Pep Clar\u00f3s revela motiva\u00e7\u00e3o depois de oficializar a renova\u00e7\u00e3o do contrato com a FAB<\/span>\n\t\t\t<span class=\"qtmplayer-art\">Juliana Nunes<\/span>\n\t\t<\/p>\n\t<\/li>\n\t\t<\/ul>\n\t<\/div>\t\t\t\n\t\n<p>Moniz Silva, presidente da Federa\u00e7\u00e3o Angolana de Basquetebol, afirma que a renova\u00e7\u00e3o do treinador visa garantir estabilidade \u00e0 selec\u00e7\u00e3o. Clique no \u00e1udio e ou\u00e7a:<\/p>\n\t<div class=\"qtmplayer-playlist-large\">\n\t\t<ul class=\"qtmplayer-playlist\">\n\t\t\t\n\t\t\t\t\t<li class=\"qtmplayer-trackitem\">\n\t\t<img src=\"https:\/\/rna.ao\/rna.ao\/wp-content\/uploads\/2025\/11\/IMG_2303-100x100.jpeg\" alt=\"cover\">\t\t<span \t\t\tdata-qtmplayer-cover=\"https:\/\/rna.ao\/rna.ao\/wp-content\/uploads\/2025\/11\/IMG_2303-370x370.jpeg\"\n\t\t\t\t\t\tdata-qtmplayer-file=\"https:\/\/rna.ao\/rna.ao\/wp-content\/uploads\/2025\/11\/P-J-2-MONIZ-SILVA-21-11-25.mp3\"\n\t\t\t\t\t\tdata-qtmplayer-title=\"Pep Clar\u00f3s revela motiva\u00e7\u00e3o depois de oficializar a renova\u00e7\u00e3o do contrato com a FAB\"\n\t\t\t\t\t\tdata-qtmplayer-artist=\"Juliana Nunes\"\n\t\t\t\t\t\tdata-qtmplayer-link=\"https:\/\/rna.ao\/rna.ao\/2025\/11\/21\/pep-claros-revela-motivacao-depois-de-oficializar-a-renovacao-do-contrato-com-a-fab\/\"\n\t\t\t\t\t\tdata-qtmplayer-icon=\"file_download\"\n\t\t\t\t\t\tdata-qtmplayer-type=\"track\"\n\t\t\t class=\"qtmplayer-play qtmplayer-link-sec qtmplayer-play-btn\"><i class='material-icons'>play_arrow<\/i><\/span>\n\t\t<p>\n\t\t\t<span class=\"qtmplayer-tit\">Pep Clar\u00f3s revela motiva\u00e7\u00e3o depois de oficializar a renova\u00e7\u00e3o do contrato com a FAB<\/span>\n\t\t\t<span class=\"qtmplayer-art\">Juliana Nunes<\/span>\n\t\t<\/p>\n\t<\/li>\n\t\t<\/ul>\n\t<\/div>\t\t\t\n\t\n","protected":false},"excerpt":{"rendered":"<p>A Federa\u00e7\u00e3o Angolana de Basquetebol &#8211; FAB e Pep Clar\u00f3s renovaram o contrato para os pr\u00f3ximos anos, at\u00e9 2027, com vista \u00e0 janela de apuramento em Fevereiro, no Egipto, para o Campeonato do Mundo, depois da conquista do Africano S\u00e9nior Masculino. A oficializa\u00e7\u00e3o do contrato ocorreu durante uma confer\u00eancia de ...<\/p>\n","protected":false},"author":16,"featured_media":198969,"comment_status":"closed","ping_status":"closed","sticky":false,"template":"","format":"standard","meta":[],"categories":[145,125,1],"tags":[],"_links":{"self":[{"href":"https:\/\/rna.ao\/rna.ao\/wp-json\/wp\/v2\/posts\/198967"}],"collection":[{"href":"https:\/\/rna.ao\/rna.ao\/wp-json\/wp\/v2\/posts"}],"about":[{"href":"https:\/\/rna.ao\/rna.ao\/wp-json\/wp\/v2\/types\/post"}],"author":[{"embeddable":true,"href":"https:\/\/rna.ao\/rna.ao\/wp-json\/wp\/v2\/users\/16"}],"replies":[{"embeddable":true,"href":"https:\/\/rna.ao\/rna.ao\/wp-json\/wp\/v2\/comments?post=198967"}],"version-history":[{"count":3,"href":"https:\/\/rna.ao\/rna.ao\/wp-json\/wp\/v2\/posts\/198967\/revisions"}],"predecessor-version":[{"id":198974,"href":"https:\/\/rna.ao\/rna.ao\/wp-json\/wp\/v2\/posts\/198967\/revisions\/198974"}],"wp:featuredmedia":[{"embeddable":true,"href":"https:\/\/rna.ao\/rna.ao\/wp-json\/wp\/v2\/media\/198969"}],"wp:attachment":[{"href":"https:\/\/rna.ao\/rna.ao\/wp-json\/wp\/v2\/media?parent=198967"}],"wp:term":[{"taxonomy":"category","embeddable":true,"href":"https:\/\/rna.ao\/rna.ao\/wp-json\/wp\/v2\/categories?post=198967"},{"taxonomy":"post_tag","embeddable":true,"href":"https:\/\/rna.ao\/rna.ao\/wp-json\/wp\/v2\/tags?post=198967"}],"curies":[{"name":"wp","href":"https:\/\/api.w.org\/{rel}","templated":true}]}}