{"id":198960,"date":"2025-11-20T22:35:52","date_gmt":"2025-11-20T21:35:52","guid":{"rendered":"https:\/\/rna.ao\/rna.ao\/?p=198960"},"modified":"2025-11-20T22:35:52","modified_gmt":"2025-11-20T21:35:52","slug":"angola-destaca-inovacao-e-parceria-estrategica-no-forum-china-africa-2025-em-hubei","status":"publish","type":"post","link":"https:\/\/rna.ao\/rna.ao\/2025\/11\/20\/angola-destaca-inovacao-e-parceria-estrategica-no-forum-china-africa-2025-em-hubei\/","title":{"rendered":"Angola destaca inova\u00e7\u00e3o e parceria estrat\u00e9gica no F\u00f3rum China\u2013\u00c1frica 2025, em Hubei"},"content":{"rendered":"<p><img loading=\"lazy\" class=\"alignnone size-medium wp-image-198961\" src=\"https:\/\/rna.ao\/rna.ao\/wp-content\/uploads\/2025\/11\/ba6c112c-6f54-48c2-8314-7ee65b839383-770x514.jpeg\" alt=\"\" width=\"770\" height=\"514\" srcset=\"https:\/\/rna.ao\/rna.ao\/wp-content\/uploads\/2025\/11\/ba6c112c-6f54-48c2-8314-7ee65b839383-770x514.jpeg 770w, https:\/\/rna.ao\/rna.ao\/wp-content\/uploads\/2025\/11\/ba6c112c-6f54-48c2-8314-7ee65b839383-768x512.jpeg 768w, https:\/\/rna.ao\/rna.ao\/wp-content\/uploads\/2025\/11\/ba6c112c-6f54-48c2-8314-7ee65b839383.jpeg 1000w\" sizes=\"(max-width: 770px) 100vw, 770px\" \/>A Prov\u00edncia de Hubei, na Rep\u00fablica Popular da China, acolhe o F\u00f3rum de Coopera\u00e7\u00e3o e Desenvolvimento China\u2013\u00c1frica 2025, um dos mais relevantes encontros estrat\u00e9gicos entre o pa\u00eds asi\u00e1tico e o continente africano. Angola est\u00e1 representada pelo Ministro das Telecomunica\u00e7\u00f5es, Tecnologias de Informa\u00e7\u00e3o e Comunica\u00e7\u00e3o Social, M\u00e1rio Oliveira, que integra uma delega\u00e7\u00e3o composta por altos funcion\u00e1rios do sector e diplomatas da Embaixada angolana em Beijing.<\/p>\n<p>O evento re\u00fane mais de 300 participantes, entre dirigentes governamentais, especialistas, acad\u00e9micos e convidados internacionais oriundos de 43 pa\u00edses de \u00c1frica, Am\u00e9rica e Europa, refor\u00e7ando o car\u00e1cter global do di\u00e1logo China\u2013\u00c1frica.<\/p>\n<p>Ministro angolano destaca mudan\u00e7a de paradigma<\/p>\n<p>No seu pronunciamento, M\u00e1rio Oliveira sublinhou que a coopera\u00e7\u00e3o sino-africana vive uma nova etapa assente na inova\u00e7\u00e3o tecnol\u00f3gica, na investiga\u00e7\u00e3o cient\u00edfica e no desenvolvimento sustent\u00e1vel.<\/p>\n<p>\u201cEstamos a escrever um novo cap\u00edtulo na nossa rela\u00e7\u00e3o. J\u00e1 n\u00e3o se trata apenas de construir infraestruturas, mas de desenvolver conhecimento, tecnologia e solu\u00e7\u00f5es digitais para o futuro\u201d, afirmou<\/p>\n<p>\u00c0 margem do evento, a delega\u00e7\u00e3o angolana visitou a FiberHome, fabricante de fibra \u00f3ptica e cabos submarinos, e o China-Africa Innovation Cooperation Center, ligado \u00e0 investiga\u00e7\u00e3o em intelig\u00eancia artificial.<\/p>\n","protected":false},"excerpt":{"rendered":"<p>A Prov\u00edncia de Hubei, na Rep\u00fablica Popular da China, acolhe o F\u00f3rum de Coopera\u00e7\u00e3o e Desenvolvimento China\u2013\u00c1frica 2025, um dos mais relevantes encontros estrat\u00e9gicos entre o pa\u00eds asi\u00e1tico e o continente africano. Angola est\u00e1 representada pelo Ministro das Telecomunica\u00e7\u00f5es, Tecnologias de Informa\u00e7\u00e3o e Comunica\u00e7\u00e3o Social, M\u00e1rio Oliveira, que integra uma ...<\/p>\n","protected":false},"author":9,"featured_media":198962,"comment_status":"closed","ping_status":"closed","sticky":false,"template":"","format":"standard","meta":[],"categories":[142,121,163],"tags":[],"_links":{"self":[{"href":"https:\/\/rna.ao\/rna.ao\/wp-json\/wp\/v2\/posts\/198960"}],"collection":[{"href":"https:\/\/rna.ao\/rna.ao\/wp-json\/wp\/v2\/posts"}],"about":[{"href":"https:\/\/rna.ao\/rna.ao\/wp-json\/wp\/v2\/types\/post"}],"author":[{"embeddable":true,"href":"https:\/\/rna.ao\/rna.ao\/wp-json\/wp\/v2\/users\/9"}],"replies":[{"embeddable":true,"href":"https:\/\/rna.ao\/rna.ao\/wp-json\/wp\/v2\/comments?post=198960"}],"version-history":[{"count":1,"href":"https:\/\/rna.ao\/rna.ao\/wp-json\/wp\/v2\/posts\/198960\/revisions"}],"predecessor-version":[{"id":198963,"href":"https:\/\/rna.ao\/rna.ao\/wp-json\/wp\/v2\/posts\/198960\/revisions\/198963"}],"wp:featuredmedia":[{"embeddable":true,"href":"https:\/\/rna.ao\/rna.ao\/wp-json\/wp\/v2\/media\/198962"}],"wp:attachment":[{"href":"https:\/\/rna.ao\/rna.ao\/wp-json\/wp\/v2\/media?parent=198960"}],"wp:term":[{"taxonomy":"category","embeddable":true,"href":"https:\/\/rna.ao\/rna.ao\/wp-json\/wp\/v2\/categories?post=198960"},{"taxonomy":"post_tag","embeddable":true,"href":"https:\/\/rna.ao\/rna.ao\/wp-json\/wp\/v2\/tags?post=198960"}],"curies":[{"name":"wp","href":"https:\/\/api.w.org\/{rel}","templated":true}]}}