{"id":198888,"date":"2025-11-20T11:12:03","date_gmt":"2025-11-20T10:12:03","guid":{"rendered":"https:\/\/rna.ao\/rna.ao\/?p=198888"},"modified":"2025-11-20T11:12:03","modified_gmt":"2025-11-20T10:12:03","slug":"pr-recebe-hoje-directora-geral-do-fmi-no-palacio-da-cidade-alta","status":"publish","type":"post","link":"https:\/\/rna.ao\/rna.ao\/2025\/11\/20\/pr-recebe-hoje-directora-geral-do-fmi-no-palacio-da-cidade-alta\/","title":{"rendered":"PR recebe hoje Directora geral do FMI no Pal\u00e1cio da Cidade Alta"},"content":{"rendered":"<p><img loading=\"lazy\" class=\"wp-image-198891 aligncenter\" src=\"https:\/\/rna.ao\/rna.ao\/wp-content\/uploads\/2025\/11\/Diretora-geral-do-FMI-Kristalina-Georgievad-770x428.jpg\" alt=\"\" width=\"459\" height=\"255\" srcset=\"https:\/\/rna.ao\/rna.ao\/wp-content\/uploads\/2025\/11\/Diretora-geral-do-FMI-Kristalina-Georgievad-770x428.jpg 770w, https:\/\/rna.ao\/rna.ao\/wp-content\/uploads\/2025\/11\/Diretora-geral-do-FMI-Kristalina-Georgievad-1170x651.jpg 1170w, https:\/\/rna.ao\/rna.ao\/wp-content\/uploads\/2025\/11\/Diretora-geral-do-FMI-Kristalina-Georgievad-768x427.jpg 768w, https:\/\/rna.ao\/rna.ao\/wp-content\/uploads\/2025\/11\/Diretora-geral-do-FMI-Kristalina-Georgievad-1536x854.jpg 1536w, https:\/\/rna.ao\/rna.ao\/wp-content\/uploads\/2025\/11\/Diretora-geral-do-FMI-Kristalina-Georgievad.jpg 1920w\" sizes=\"(max-width: 459px) 100vw, 459px\" \/>O FMI, est\u00e1 a inteirar-se sobre a forma como Angola est\u00e1 a lidar com as reformas face aos desafios econ\u00f3micos interno. O fundo que tem uma equipa liderada pela sua Directora geral, est\u00e1 a trabalhar em Luanda, com as autoridades angolanas. Esta quinta-feira, 20, Kristalina Georgieva\u00a0e sua equipa t\u00e9cnica v\u00e3o at\u00e9 ao Pal\u00e1cio da Cidade Alta, onde v\u00e3o ser recebidos pelo Chefe de Estado angolano, Jo\u00e3o Louren\u00e7o, depois de ontem terem se reunido com a equipa econ\u00f3mica do governo. Saiba mais dados no \u00e1udio abaixo com o rep\u00f3rter\u00a0 Rom\u00e3o Ferreira:<\/p>\n\t<div class=\"qtmplayer-playlist-large\">\n\t\t<ul class=\"qtmplayer-playlist\">\n\t\t\t\n\t\t\t\t\t<li class=\"qtmplayer-trackitem\">\n\t\t<img src=\"https:\/\/rna.ao\/rna.ao\/wp-content\/uploads\/2025\/11\/Diretora-geral-do-FMI-Kristalina-Georgievad-100x100.jpg\" alt=\"cover\">\t\t<span \t\t\tdata-qtmplayer-cover=\"https:\/\/rna.ao\/rna.ao\/wp-content\/uploads\/2025\/11\/Diretora-geral-do-FMI-Kristalina-Georgievad-370x370.jpg\"\n\t\t\t\t\t\tdata-qtmplayer-file=\"https:\/\/rna.ao\/rna.ao\/wp-content\/uploads\/2025\/11\/ROMAO-FERREIRA-07-HRS.mp3\"\n\t\t\t\t\t\tdata-qtmplayer-title=\"PR recebe hoje Directora geral do FMI no Pal\u00e1cio da Cidade Alta\"\n\t\t\t\t\t\tdata-qtmplayer-artist=\"Ant\u00f3nio Augusto\"\n\t\t\t\t\t\tdata-qtmplayer-link=\"https:\/\/rna.ao\/rna.ao\/2025\/11\/20\/pr-recebe-hoje-directora-geral-do-fmi-no-palacio-da-cidade-alta\/\"\n\t\t\t\t\t\tdata-qtmplayer-icon=\"file_download\"\n\t\t\t\t\t\tdata-qtmplayer-type=\"track\"\n\t\t\t class=\"qtmplayer-play qtmplayer-link-sec qtmplayer-play-btn\"><i class='material-icons'>play_arrow<\/i><\/span>\n\t\t<p>\n\t\t\t<span class=\"qtmplayer-tit\">PR recebe hoje Directora geral do FMI no Pal\u00e1cio da Cidade Alta<\/span>\n\t\t\t<span class=\"qtmplayer-art\">Ant\u00f3nio Augusto<\/span>\n\t\t<\/p>\n\t<\/li>\n\t\t<\/ul>\n\t<\/div>\t\t\t\n\t\n","protected":false},"excerpt":{"rendered":"<p>O FMI, est\u00e1 a inteirar-se sobre a forma como Angola est\u00e1 a lidar com as reformas face aos desafios econ\u00f3micos interno. O fundo que tem uma equipa liderada pela sua Directora geral, est\u00e1 a trabalhar em Luanda, com as autoridades angolanas. Esta quinta-feira, 20, Kristalina Georgieva\u00a0e sua equipa t\u00e9cnica v\u00e3o ...<\/p>\n","protected":false},"author":23,"featured_media":198891,"comment_status":"closed","ping_status":"closed","sticky":false,"template":"","format":"standard","meta":[],"categories":[142,121,163],"tags":[],"_links":{"self":[{"href":"https:\/\/rna.ao\/rna.ao\/wp-json\/wp\/v2\/posts\/198888"}],"collection":[{"href":"https:\/\/rna.ao\/rna.ao\/wp-json\/wp\/v2\/posts"}],"about":[{"href":"https:\/\/rna.ao\/rna.ao\/wp-json\/wp\/v2\/types\/post"}],"author":[{"embeddable":true,"href":"https:\/\/rna.ao\/rna.ao\/wp-json\/wp\/v2\/users\/23"}],"replies":[{"embeddable":true,"href":"https:\/\/rna.ao\/rna.ao\/wp-json\/wp\/v2\/comments?post=198888"}],"version-history":[{"count":1,"href":"https:\/\/rna.ao\/rna.ao\/wp-json\/wp\/v2\/posts\/198888\/revisions"}],"predecessor-version":[{"id":198892,"href":"https:\/\/rna.ao\/rna.ao\/wp-json\/wp\/v2\/posts\/198888\/revisions\/198892"}],"wp:featuredmedia":[{"embeddable":true,"href":"https:\/\/rna.ao\/rna.ao\/wp-json\/wp\/v2\/media\/198891"}],"wp:attachment":[{"href":"https:\/\/rna.ao\/rna.ao\/wp-json\/wp\/v2\/media?parent=198888"}],"wp:term":[{"taxonomy":"category","embeddable":true,"href":"https:\/\/rna.ao\/rna.ao\/wp-json\/wp\/v2\/categories?post=198888"},{"taxonomy":"post_tag","embeddable":true,"href":"https:\/\/rna.ao\/rna.ao\/wp-json\/wp\/v2\/tags?post=198888"}],"curies":[{"name":"wp","href":"https:\/\/api.w.org\/{rel}","templated":true}]}}