{"id":198082,"date":"2025-11-12T14:09:48","date_gmt":"2025-11-12T13:09:48","guid":{"rendered":"https:\/\/rna.ao\/rna.ao\/?p=198082"},"modified":"2025-11-12T14:09:48","modified_gmt":"2025-11-12T13:09:48","slug":"federacao-angolana-de-andebol-garante-condicoes-de-preparacao-das-perolas-de-africa-tendo-em-atencao-o-mundial-da-alemanha-e-dos-paises-baixos","status":"publish","type":"post","link":"https:\/\/rna.ao\/rna.ao\/2025\/11\/12\/federacao-angolana-de-andebol-garante-condicoes-de-preparacao-das-perolas-de-africa-tendo-em-atencao-o-mundial-da-alemanha-e-dos-paises-baixos\/","title":{"rendered":"Federa\u00e7\u00e3o Angolana de Andebol garante condi\u00e7\u00f5es de prepara\u00e7\u00e3o das P\u00e9rolas de \u00c1frica tendo em aten\u00e7\u00e3o o Mundial da Alemanha e dos Pa\u00edses Baixos"},"content":{"rendered":"<p><img loading=\"lazy\" class=\"alignnone size-medium wp-image-198083\" src=\"https:\/\/rna.ao\/rna.ao\/wp-content\/uploads\/2025\/11\/IMG_1832-770x433.jpeg\" alt=\"\" width=\"770\" height=\"433\" srcset=\"https:\/\/rna.ao\/rna.ao\/wp-content\/uploads\/2025\/11\/IMG_1832-770x433.jpeg 770w, https:\/\/rna.ao\/rna.ao\/wp-content\/uploads\/2025\/11\/IMG_1832-1170x658.jpeg 1170w, https:\/\/rna.ao\/rna.ao\/wp-content\/uploads\/2025\/11\/IMG_1832-768x432.jpeg 768w, https:\/\/rna.ao\/rna.ao\/wp-content\/uploads\/2025\/11\/IMG_1832-1536x864.jpeg 1536w, https:\/\/rna.ao\/rna.ao\/wp-content\/uploads\/2025\/11\/IMG_1832.jpeg 2048w\" sizes=\"(max-width: 770px) 100vw, 770px\" \/>A direc\u00e7\u00e3o da Federa\u00e7\u00e3o Angolana de Andebol assegura condi\u00e7\u00f5es de prepara\u00e7\u00e3o das P\u00e9rolas de \u00c1frica, tendo em aten\u00e7\u00e3o o Mundial da Alemanha e dos Pa\u00edses Baixos, entre 26 de novembro e 14 de dezembro deste ano.<\/p>\n<p>Jos\u00e9 do Amaral J\u00fanior \u201cManinho\u201d, o presidente da institui\u00e7\u00e3o, d\u00e1 conta de como vai decorrer a prepara\u00e7\u00e3o do sete nacional, particularmente depois da participa\u00e7\u00e3o no Torneio Independ\u00eancia. Clique no \u00e1udio e ou\u00e7a:<\/p>\n\t<div class=\"qtmplayer-playlist-large\">\n\t\t<ul class=\"qtmplayer-playlist\">\n\t\t\t\n\t\t\t\t\t<li class=\"qtmplayer-trackitem\">\n\t\t<img src=\"https:\/\/rna.ao\/rna.ao\/wp-content\/uploads\/2025\/11\/IMG_1832-100x100.jpeg\" alt=\"cover\">\t\t<span \t\t\tdata-qtmplayer-cover=\"https:\/\/rna.ao\/rna.ao\/wp-content\/uploads\/2025\/11\/IMG_1832-370x370.jpeg\"\n\t\t\t\t\t\tdata-qtmplayer-file=\"https:\/\/rna.ao\/rna.ao\/wp-content\/uploads\/2025\/11\/P-J-14-JOSE-DO-AMARAL-MANINHO-12-11-25.mp3\"\n\t\t\t\t\t\tdata-qtmplayer-title=\"Federa\u00e7\u00e3o Angolana de Andebol garante condi\u00e7\u00f5es de prepara\u00e7\u00e3o das P\u00e9rolas de \u00c1frica tendo em aten\u00e7\u00e3o o Mundial da Alemanha e dos Pa\u00edses Baixos\"\n\t\t\t\t\t\tdata-qtmplayer-artist=\"Juliana Nunes\"\n\t\t\t\t\t\tdata-qtmplayer-link=\"https:\/\/rna.ao\/rna.ao\/2025\/11\/12\/federacao-angolana-de-andebol-garante-condicoes-de-preparacao-das-perolas-de-africa-tendo-em-atencao-o-mundial-da-alemanha-e-dos-paises-baixos\/\"\n\t\t\t\t\t\tdata-qtmplayer-icon=\"file_download\"\n\t\t\t\t\t\tdata-qtmplayer-type=\"track\"\n\t\t\t class=\"qtmplayer-play qtmplayer-link-sec qtmplayer-play-btn\"><i class='material-icons'>play_arrow<\/i><\/span>\n\t\t<p>\n\t\t\t<span class=\"qtmplayer-tit\">Federa\u00e7\u00e3o Angolana de Andebol garante condi\u00e7\u00f5es de prepara\u00e7\u00e3o das P\u00e9rolas de \u00c1frica tendo em aten\u00e7\u00e3o o Mundial da Alemanha e dos Pa\u00edses Baixos<\/span>\n\t\t\t<span class=\"qtmplayer-art\">Juliana Nunes<\/span>\n\t\t<\/p>\n\t<\/li>\n\t\t<\/ul>\n\t<\/div>\t\t\t\n\t\n<p>O n\u00ba 1 da modalidade da linha dos 7 metros faz igualmente refer\u00eancia \u00e0 prepara\u00e7\u00e3o espec\u00edfica do grupo \u00e0s ordens de Carlos Viver, olhando para os advers\u00e1rios que ter\u00e3o pela frente no Mundial, a Noruega, a Coreia do Sul e o Cazaquist\u00e3o. Clique no \u00e1udio e ou\u00e7a:<\/p>\n\t<div class=\"qtmplayer-playlist-large\">\n\t\t<ul class=\"qtmplayer-playlist\">\n\t\t\t\n\t\t\t\t\t<li class=\"qtmplayer-trackitem\">\n\t\t<img src=\"https:\/\/rna.ao\/rna.ao\/wp-content\/uploads\/2025\/11\/IMG_1832-100x100.jpeg\" alt=\"cover\">\t\t<span \t\t\tdata-qtmplayer-cover=\"https:\/\/rna.ao\/rna.ao\/wp-content\/uploads\/2025\/11\/IMG_1832-370x370.jpeg\"\n\t\t\t\t\t\tdata-qtmplayer-file=\"https:\/\/rna.ao\/rna.ao\/wp-content\/uploads\/2025\/11\/P-J-15-JOSE-DO-AMARAL-MANINHO-12-11-25.mp3\"\n\t\t\t\t\t\tdata-qtmplayer-title=\"Federa\u00e7\u00e3o Angolana de Andebol garante condi\u00e7\u00f5es de prepara\u00e7\u00e3o das P\u00e9rolas de \u00c1frica tendo em aten\u00e7\u00e3o o Mundial da Alemanha e dos Pa\u00edses Baixos\"\n\t\t\t\t\t\tdata-qtmplayer-artist=\"Juliana Nunes\"\n\t\t\t\t\t\tdata-qtmplayer-link=\"https:\/\/rna.ao\/rna.ao\/2025\/11\/12\/federacao-angolana-de-andebol-garante-condicoes-de-preparacao-das-perolas-de-africa-tendo-em-atencao-o-mundial-da-alemanha-e-dos-paises-baixos\/\"\n\t\t\t\t\t\tdata-qtmplayer-icon=\"file_download\"\n\t\t\t\t\t\tdata-qtmplayer-type=\"track\"\n\t\t\t class=\"qtmplayer-play qtmplayer-link-sec qtmplayer-play-btn\"><i class='material-icons'>play_arrow<\/i><\/span>\n\t\t<p>\n\t\t\t<span class=\"qtmplayer-tit\">Federa\u00e7\u00e3o Angolana de Andebol garante condi\u00e7\u00f5es de prepara\u00e7\u00e3o das P\u00e9rolas de \u00c1frica tendo em aten\u00e7\u00e3o o Mundial da Alemanha e dos Pa\u00edses Baixos<\/span>\n\t\t\t<span class=\"qtmplayer-art\">Juliana Nunes<\/span>\n\t\t<\/p>\n\t<\/li>\n\t\t<\/ul>\n\t<\/div>\t\t\t\n\t\n","protected":false},"excerpt":{"rendered":"<p>A direc\u00e7\u00e3o da Federa\u00e7\u00e3o Angolana de Andebol assegura condi\u00e7\u00f5es de prepara\u00e7\u00e3o das P\u00e9rolas de \u00c1frica, tendo em aten\u00e7\u00e3o o Mundial da Alemanha e dos Pa\u00edses Baixos, entre 26 de novembro e 14 de dezembro deste ano. Jos\u00e9 do Amaral J\u00fanior \u201cManinho\u201d, o presidente da institui\u00e7\u00e3o, d\u00e1 conta de como vai ...<\/p>\n","protected":false},"author":16,"featured_media":198083,"comment_status":"closed","ping_status":"closed","sticky":false,"template":"","format":"standard","meta":[],"categories":[145,125],"tags":[],"_links":{"self":[{"href":"https:\/\/rna.ao\/rna.ao\/wp-json\/wp\/v2\/posts\/198082"}],"collection":[{"href":"https:\/\/rna.ao\/rna.ao\/wp-json\/wp\/v2\/posts"}],"about":[{"href":"https:\/\/rna.ao\/rna.ao\/wp-json\/wp\/v2\/types\/post"}],"author":[{"embeddable":true,"href":"https:\/\/rna.ao\/rna.ao\/wp-json\/wp\/v2\/users\/16"}],"replies":[{"embeddable":true,"href":"https:\/\/rna.ao\/rna.ao\/wp-json\/wp\/v2\/comments?post=198082"}],"version-history":[{"count":1,"href":"https:\/\/rna.ao\/rna.ao\/wp-json\/wp\/v2\/posts\/198082\/revisions"}],"predecessor-version":[{"id":198086,"href":"https:\/\/rna.ao\/rna.ao\/wp-json\/wp\/v2\/posts\/198082\/revisions\/198086"}],"wp:featuredmedia":[{"embeddable":true,"href":"https:\/\/rna.ao\/rna.ao\/wp-json\/wp\/v2\/media\/198083"}],"wp:attachment":[{"href":"https:\/\/rna.ao\/rna.ao\/wp-json\/wp\/v2\/media?parent=198082"}],"wp:term":[{"taxonomy":"category","embeddable":true,"href":"https:\/\/rna.ao\/rna.ao\/wp-json\/wp\/v2\/categories?post=198082"},{"taxonomy":"post_tag","embeddable":true,"href":"https:\/\/rna.ao\/rna.ao\/wp-json\/wp\/v2\/tags?post=198082"}],"curies":[{"name":"wp","href":"https:\/\/api.w.org\/{rel}","templated":true}]}}