{"id":197798,"date":"2025-11-07T13:38:16","date_gmt":"2025-11-07T12:38:16","guid":{"rendered":"https:\/\/rna.ao\/rna.ao\/?p=197798"},"modified":"2025-11-07T13:38:16","modified_gmt":"2025-11-07T12:38:16","slug":"ministra-silvia-lutukuta-anuncia-fecho-da-junta-de-saude-em-portugal-ate-final-deste-ano","status":"publish","type":"post","link":"https:\/\/rna.ao\/rna.ao\/2025\/11\/07\/ministra-silvia-lutukuta-anuncia-fecho-da-junta-de-saude-em-portugal-ate-final-deste-ano\/","title":{"rendered":"Ministra S\u00edlvia Lutukuta anuncia fecho da Junta de Sa\u00fade em Portugal at\u00e9 final deste ano"},"content":{"rendered":"<p><img loading=\"lazy\" class=\"alignnone size-full wp-image-197799\" src=\"https:\/\/rna.ao\/rna.ao\/wp-content\/uploads\/2025\/11\/IMG_1552.jpeg\" alt=\"\" width=\"750\" height=\"422\" \/>Angola come\u00e7ar\u00e1 a realizar transplantes de \u00f3rg\u00e3os humanos a partir do pr\u00f3ximo ano.<\/p>\n<p>O an\u00fancio foi feito hoje pela Ministra da Sa\u00fade, S\u00edlvia Lutukuta, que afirmou ainda que, at\u00e9 ao final deste ano, os servi\u00e7os da Junta M\u00e9dica de Portugal ser\u00e3o encerrados. Jornalista Jo\u00e3o Manuel. Clique no \u00e1udio e ou\u00e7a:<\/p>\n\t<div class=\"qtmplayer-playlist-large\">\n\t\t<ul class=\"qtmplayer-playlist\">\n\t\t\t\n\t\t\t\t\t<li class=\"qtmplayer-trackitem\">\n\t\t<img src=\"https:\/\/rna.ao\/rna.ao\/wp-content\/uploads\/2025\/11\/IMG_1552-1-100x100.jpeg\" alt=\"cover\">\t\t<span \t\t\tdata-qtmplayer-cover=\"https:\/\/rna.ao\/rna.ao\/wp-content\/uploads\/2025\/11\/IMG_1552-1-370x370.jpeg\"\n\t\t\t\t\t\tdata-qtmplayer-file=\"https:\/\/rna.ao\/rna.ao\/wp-content\/uploads\/2025\/11\/JOAO-MANUEL-13HRS-1-1.mp3\"\n\t\t\t\t\t\tdata-qtmplayer-title=\"Ministra S\u00edlvia Lutukuta anuncia fecho da Junta de Sa\u00fade em Portugal at\u00e9 final deste ano\"\n\t\t\t\t\t\tdata-qtmplayer-artist=\"Juliana Nunes\"\n\t\t\t\t\t\tdata-qtmplayer-link=\"https:\/\/rna.ao\/rna.ao\/2025\/11\/07\/ministra-silvia-lutukuta-anuncia-fecho-da-junta-de-saude-em-portugal-ate-final-deste-ano\/\"\n\t\t\t\t\t\tdata-qtmplayer-icon=\"file_download\"\n\t\t\t\t\t\tdata-qtmplayer-type=\"track\"\n\t\t\t class=\"qtmplayer-play qtmplayer-link-sec qtmplayer-play-btn\"><i class='material-icons'>play_arrow<\/i><\/span>\n\t\t<p>\n\t\t\t<span class=\"qtmplayer-tit\">Ministra S\u00edlvia Lutukuta anuncia fecho da Junta de Sa\u00fade em Portugal at\u00e9 final deste ano<\/span>\n\t\t\t<span class=\"qtmplayer-art\">Juliana Nunes<\/span>\n\t\t<\/p>\n\t<\/li>\n\t\t<\/ul>\n\t<\/div>\t\t\t\n\t\n","protected":false},"excerpt":{"rendered":"<p>Angola come\u00e7ar\u00e1 a realizar transplantes de \u00f3rg\u00e3os humanos a partir do pr\u00f3ximo ano. O an\u00fancio foi feito hoje pela Ministra da Sa\u00fade, S\u00edlvia Lutukuta, que afirmou ainda que, at\u00e9 ao final deste ano, os servi\u00e7os da Junta M\u00e9dica de Portugal ser\u00e3o encerrados. Jornalista Jo\u00e3o Manuel. Clique no \u00e1udio e ou\u00e7a:<\/p>\n","protected":false},"author":16,"featured_media":197804,"comment_status":"closed","ping_status":"closed","sticky":false,"template":"","format":"standard","meta":[],"categories":[142,121,164,163],"tags":[],"_links":{"self":[{"href":"https:\/\/rna.ao\/rna.ao\/wp-json\/wp\/v2\/posts\/197798"}],"collection":[{"href":"https:\/\/rna.ao\/rna.ao\/wp-json\/wp\/v2\/posts"}],"about":[{"href":"https:\/\/rna.ao\/rna.ao\/wp-json\/wp\/v2\/types\/post"}],"author":[{"embeddable":true,"href":"https:\/\/rna.ao\/rna.ao\/wp-json\/wp\/v2\/users\/16"}],"replies":[{"embeddable":true,"href":"https:\/\/rna.ao\/rna.ao\/wp-json\/wp\/v2\/comments?post=197798"}],"version-history":[{"count":1,"href":"https:\/\/rna.ao\/rna.ao\/wp-json\/wp\/v2\/posts\/197798\/revisions"}],"predecessor-version":[{"id":197805,"href":"https:\/\/rna.ao\/rna.ao\/wp-json\/wp\/v2\/posts\/197798\/revisions\/197805"}],"wp:featuredmedia":[{"embeddable":true,"href":"https:\/\/rna.ao\/rna.ao\/wp-json\/wp\/v2\/media\/197804"}],"wp:attachment":[{"href":"https:\/\/rna.ao\/rna.ao\/wp-json\/wp\/v2\/media?parent=197798"}],"wp:term":[{"taxonomy":"category","embeddable":true,"href":"https:\/\/rna.ao\/rna.ao\/wp-json\/wp\/v2\/categories?post=197798"},{"taxonomy":"post_tag","embeddable":true,"href":"https:\/\/rna.ao\/rna.ao\/wp-json\/wp\/v2\/tags?post=197798"}],"curies":[{"name":"wp","href":"https:\/\/api.w.org\/{rel}","templated":true}]}}