{"id":197793,"date":"2025-11-07T13:19:59","date_gmt":"2025-11-07T12:19:59","guid":{"rendered":"https:\/\/rna.ao\/rna.ao\/?p=197793"},"modified":"2025-11-07T13:19:59","modified_gmt":"2025-11-07T12:19:59","slug":"presidente-joao-lourenco-pede-aos-juizes-empenho-para-resgatar-a-confianca-do-cidadao-na-justica","status":"publish","type":"post","link":"https:\/\/rna.ao\/rna.ao\/2025\/11\/07\/presidente-joao-lourenco-pede-aos-juizes-empenho-para-resgatar-a-confianca-do-cidadao-na-justica\/","title":{"rendered":"Presidente Jo\u00e3o Louren\u00e7o pede aos ju\u00edzes empenho para resgatar a confian\u00e7a do cidad\u00e3o na justi\u00e7a"},"content":{"rendered":"<p><img loading=\"lazy\" class=\"alignnone size-medium wp-image-197794\" src=\"https:\/\/rna.ao\/rna.ao\/wp-content\/uploads\/2025\/11\/IMG_1550-770x524.jpeg\" alt=\"\" width=\"770\" height=\"524\" srcset=\"https:\/\/rna.ao\/rna.ao\/wp-content\/uploads\/2025\/11\/IMG_1550-770x524.jpeg 770w, https:\/\/rna.ao\/rna.ao\/wp-content\/uploads\/2025\/11\/IMG_1550-768x522.jpeg 768w, https:\/\/rna.ao\/rna.ao\/wp-content\/uploads\/2025\/11\/IMG_1550.jpeg 956w\" sizes=\"(max-width: 770px) 100vw, 770px\" \/>O Presidente Jo\u00e3o Louren\u00e7o apela aos ju\u00edzes a trabalharem para resgatar a confian\u00e7a dos cidad\u00e3os no sistema de justi\u00e7a.<\/p>\n<p>Jo\u00e3o Louren\u00e7o fez este pronunciamento esta manh\u00e3, durante a tomada de posse do novo juiz-presidente do Tribunal Supremo, Norberto Sodr\u00e9, e do novo vice-presidente do Tribunal de Contas, Evaristo Solano.<\/p>\n<p>O Presidente disse aos novos conselheiros para terem em aten\u00e7\u00e3o a percep\u00e7\u00e3o que a sociedade tem sobre a justi\u00e7a e a julgarem nos termos da lei.<\/p>\n<p>Norberto Sodr\u00e9 foi um dos tr\u00eas mais votados para a vaga de presidente, deixada pelo juiz Conselheiro Joel Leonardo.<\/p>\n<p>Assume a partir de agora os destinos do Tribunal Supremo e, por iner\u00eancia de fun\u00e7\u00f5es, o Conselho Superior da Magistratura Judicial. Jornalista Sany Fuche. Clique no \u00e1udio e ou\u00e7a:<\/p>\n\t<div class=\"qtmplayer-playlist-large\">\n\t\t<ul class=\"qtmplayer-playlist\">\n\t\t\t\n\t\t\t\t\t<li class=\"qtmplayer-trackitem\">\n\t\t<img src=\"https:\/\/rna.ao\/rna.ao\/wp-content\/uploads\/2025\/11\/IMG_1551-100x100.jpeg\" alt=\"cover\">\t\t<span \t\t\tdata-qtmplayer-cover=\"https:\/\/rna.ao\/rna.ao\/wp-content\/uploads\/2025\/11\/IMG_1551-370x370.jpeg\"\n\t\t\t\t\t\tdata-qtmplayer-file=\"https:\/\/rna.ao\/rna.ao\/wp-content\/uploads\/2025\/11\/SANY-FUCHI-13-HRS.mp3\"\n\t\t\t\t\t\tdata-qtmplayer-title=\"Presidente Jo\u00e3o Louren\u00e7o pede aos ju\u00edzes empenho para resgatar a confian\u00e7a do cidad\u00e3o na justi\u00e7a\"\n\t\t\t\t\t\tdata-qtmplayer-artist=\"Juliana Nunes\"\n\t\t\t\t\t\tdata-qtmplayer-link=\"https:\/\/rna.ao\/rna.ao\/2025\/11\/07\/presidente-joao-lourenco-pede-aos-juizes-empenho-para-resgatar-a-confianca-do-cidadao-na-justica\/\"\n\t\t\t\t\t\tdata-qtmplayer-icon=\"file_download\"\n\t\t\t\t\t\tdata-qtmplayer-type=\"track\"\n\t\t\t class=\"qtmplayer-play qtmplayer-link-sec qtmplayer-play-btn\"><i class='material-icons'>play_arrow<\/i><\/span>\n\t\t<p>\n\t\t\t<span class=\"qtmplayer-tit\">Presidente Jo\u00e3o Louren\u00e7o pede aos ju\u00edzes empenho para resgatar a confian\u00e7a do cidad\u00e3o na justi\u00e7a<\/span>\n\t\t\t<span class=\"qtmplayer-art\">Juliana Nunes<\/span>\n\t\t<\/p>\n\t<\/li>\n\t\t<\/ul>\n\t<\/div>\t\t\t\n\t\n","protected":false},"excerpt":{"rendered":"<p>O Presidente Jo\u00e3o Louren\u00e7o apela aos ju\u00edzes a trabalharem para resgatar a confian\u00e7a dos cidad\u00e3os no sistema de justi\u00e7a. Jo\u00e3o Louren\u00e7o fez este pronunciamento esta manh\u00e3, durante a tomada de posse do novo juiz-presidente do Tribunal Supremo, Norberto Sodr\u00e9, e do novo vice-presidente do Tribunal de Contas, Evaristo Solano. O ...<\/p>\n","protected":false},"author":16,"featured_media":197795,"comment_status":"closed","ping_status":"closed","sticky":false,"template":"","format":"standard","meta":[],"categories":[142,121,164,163],"tags":[],"_links":{"self":[{"href":"https:\/\/rna.ao\/rna.ao\/wp-json\/wp\/v2\/posts\/197793"}],"collection":[{"href":"https:\/\/rna.ao\/rna.ao\/wp-json\/wp\/v2\/posts"}],"about":[{"href":"https:\/\/rna.ao\/rna.ao\/wp-json\/wp\/v2\/types\/post"}],"author":[{"embeddable":true,"href":"https:\/\/rna.ao\/rna.ao\/wp-json\/wp\/v2\/users\/16"}],"replies":[{"embeddable":true,"href":"https:\/\/rna.ao\/rna.ao\/wp-json\/wp\/v2\/comments?post=197793"}],"version-history":[{"count":1,"href":"https:\/\/rna.ao\/rna.ao\/wp-json\/wp\/v2\/posts\/197793\/revisions"}],"predecessor-version":[{"id":197797,"href":"https:\/\/rna.ao\/rna.ao\/wp-json\/wp\/v2\/posts\/197793\/revisions\/197797"}],"wp:featuredmedia":[{"embeddable":true,"href":"https:\/\/rna.ao\/rna.ao\/wp-json\/wp\/v2\/media\/197795"}],"wp:attachment":[{"href":"https:\/\/rna.ao\/rna.ao\/wp-json\/wp\/v2\/media?parent=197793"}],"wp:term":[{"taxonomy":"category","embeddable":true,"href":"https:\/\/rna.ao\/rna.ao\/wp-json\/wp\/v2\/categories?post=197793"},{"taxonomy":"post_tag","embeddable":true,"href":"https:\/\/rna.ao\/rna.ao\/wp-json\/wp\/v2\/tags?post=197793"}],"curies":[{"name":"wp","href":"https:\/\/api.w.org\/{rel}","templated":true}]}}