{"id":197785,"date":"2025-11-07T12:21:20","date_gmt":"2025-11-07T11:21:20","guid":{"rendered":"https:\/\/rna.ao\/rna.ao\/?p=197785"},"modified":"2025-11-07T12:27:35","modified_gmt":"2025-11-07T11:27:35","slug":"ministerio-dos-recursos-minerais-petroleo-e-gas-lanca-programa-de-preparacao-para-a-reforma","status":"publish","type":"post","link":"https:\/\/rna.ao\/rna.ao\/2025\/11\/07\/ministerio-dos-recursos-minerais-petroleo-e-gas-lanca-programa-de-preparacao-para-a-reforma\/","title":{"rendered":"Minist\u00e9rio dos recursos minerais, petr\u00f3leo e g\u00e1s lan\u00e7a Programa de Prepara\u00e7\u00e3o para a Reforma"},"content":{"rendered":"<p><img loading=\"lazy\" class=\"alignnone size-medium wp-image-197787\" src=\"https:\/\/rna.ao\/rna.ao\/wp-content\/uploads\/2025\/11\/IMG_1549-433x770.jpeg\" alt=\"\" width=\"433\" height=\"770\" srcset=\"https:\/\/rna.ao\/rna.ao\/wp-content\/uploads\/2025\/11\/IMG_1549-433x770.jpeg 433w, https:\/\/rna.ao\/rna.ao\/wp-content\/uploads\/2025\/11\/IMG_1549-658x1170.jpeg 658w, https:\/\/rna.ao\/rna.ao\/wp-content\/uploads\/2025\/11\/IMG_1549.jpeg 720w\" sizes=\"(max-width: 433px) 100vw, 433px\" \/>O minist\u00e9rio dos recursos minerais, petr\u00f3leo e g\u00e1s, procedeu esta sexta-feira ao lan\u00e7amento do Programa de Prepara\u00e7\u00e3o dos trabalhadores para a Reforma.<\/p>\n<p>O programa visa proporcionar condi\u00e7\u00f5es psicol\u00f3gicas emocionais e materiais, para que o trabalhador reformado, n\u00e3o enfrente dificuldades de reinser\u00e7\u00e3o na vida social e desfrutar duma reforma condigna. Jornalista Celestino Camati. Clique no \u00e1udio e ou\u00e7a:<\/p>\n\t<div class=\"qtmplayer-playlist-large\">\n\t\t<ul class=\"qtmplayer-playlist\">\n\t\t\t\n\t\t\t\t\t<li class=\"qtmplayer-trackitem\">\n\t\t<img src=\"https:\/\/rna.ao\/rna.ao\/wp-content\/uploads\/2025\/11\/IMG_1548-100x100.jpeg\" alt=\"cover\">\t\t<span \t\t\tdata-qtmplayer-cover=\"https:\/\/rna.ao\/rna.ao\/wp-content\/uploads\/2025\/11\/IMG_1548-370x370.jpeg\"\n\t\t\t\t\t\tdata-qtmplayer-file=\"https:\/\/rna.ao\/rna.ao\/wp-content\/uploads\/2025\/11\/CELESTINO-CAMATI-13HRS.mp3\"\n\t\t\t\t\t\tdata-qtmplayer-title=\"Minist\u00e9rio dos recursos minerais, petr\u00f3leo e g\u00e1s lan\u00e7a Programa de Prepara\u00e7\u00e3o para a Reforma\"\n\t\t\t\t\t\tdata-qtmplayer-artist=\"Juliana Nunes\"\n\t\t\t\t\t\tdata-qtmplayer-link=\"https:\/\/rna.ao\/rna.ao\/2025\/11\/07\/ministerio-dos-recursos-minerais-petroleo-e-gas-lanca-programa-de-preparacao-para-a-reforma\/\"\n\t\t\t\t\t\tdata-qtmplayer-icon=\"file_download\"\n\t\t\t\t\t\tdata-qtmplayer-type=\"track\"\n\t\t\t class=\"qtmplayer-play qtmplayer-link-sec qtmplayer-play-btn\"><i class='material-icons'>play_arrow<\/i><\/span>\n\t\t<p>\n\t\t\t<span class=\"qtmplayer-tit\">Minist\u00e9rio dos recursos minerais, petr\u00f3leo e g\u00e1s lan\u00e7a Programa de Prepara\u00e7\u00e3o para a Reforma<\/span>\n\t\t\t<span class=\"qtmplayer-art\">Juliana Nunes<\/span>\n\t\t<\/p>\n\t<\/li>\n\t\t<\/ul>\n\t<\/div>\t\t\t\n\t\n","protected":false},"excerpt":{"rendered":"<p>O minist\u00e9rio dos recursos minerais, petr\u00f3leo e g\u00e1s, procedeu esta sexta-feira ao lan\u00e7amento do Programa de Prepara\u00e7\u00e3o dos trabalhadores para a Reforma. O programa visa proporcionar condi\u00e7\u00f5es psicol\u00f3gicas emocionais e materiais, para que o trabalhador reformado, n\u00e3o enfrente dificuldades de reinser\u00e7\u00e3o na vida social e desfrutar duma reforma condigna. Jornalista ...<\/p>\n","protected":false},"author":16,"featured_media":197788,"comment_status":"closed","ping_status":"closed","sticky":false,"template":"","format":"standard","meta":[],"categories":[142,121,164,1],"tags":[],"_links":{"self":[{"href":"https:\/\/rna.ao\/rna.ao\/wp-json\/wp\/v2\/posts\/197785"}],"collection":[{"href":"https:\/\/rna.ao\/rna.ao\/wp-json\/wp\/v2\/posts"}],"about":[{"href":"https:\/\/rna.ao\/rna.ao\/wp-json\/wp\/v2\/types\/post"}],"author":[{"embeddable":true,"href":"https:\/\/rna.ao\/rna.ao\/wp-json\/wp\/v2\/users\/16"}],"replies":[{"embeddable":true,"href":"https:\/\/rna.ao\/rna.ao\/wp-json\/wp\/v2\/comments?post=197785"}],"version-history":[{"count":2,"href":"https:\/\/rna.ao\/rna.ao\/wp-json\/wp\/v2\/posts\/197785\/revisions"}],"predecessor-version":[{"id":197792,"href":"https:\/\/rna.ao\/rna.ao\/wp-json\/wp\/v2\/posts\/197785\/revisions\/197792"}],"wp:featuredmedia":[{"embeddable":true,"href":"https:\/\/rna.ao\/rna.ao\/wp-json\/wp\/v2\/media\/197788"}],"wp:attachment":[{"href":"https:\/\/rna.ao\/rna.ao\/wp-json\/wp\/v2\/media?parent=197785"}],"wp:term":[{"taxonomy":"category","embeddable":true,"href":"https:\/\/rna.ao\/rna.ao\/wp-json\/wp\/v2\/categories?post=197785"},{"taxonomy":"post_tag","embeddable":true,"href":"https:\/\/rna.ao\/rna.ao\/wp-json\/wp\/v2\/tags?post=197785"}],"curies":[{"name":"wp","href":"https:\/\/api.w.org\/{rel}","templated":true}]}}