{"id":197775,"date":"2025-11-07T11:36:25","date_gmt":"2025-11-07T10:36:25","guid":{"rendered":"https:\/\/rna.ao\/rna.ao\/?p=197775"},"modified":"2025-11-07T11:37:26","modified_gmt":"2025-11-07T10:37:26","slug":"palancas-negras-iniciam-preparacao-no-dia-12-para-duelo-com-argentina-com-apenas-tres-jogadores-que-actuam-no-girabola","status":"publish","type":"post","link":"https:\/\/rna.ao\/rna.ao\/2025\/11\/07\/palancas-negras-iniciam-preparacao-no-dia-12-para-duelo-com-argentina-com-apenas-tres-jogadores-que-actuam-no-girabola\/","title":{"rendered":"Palancas Negras iniciam prepara\u00e7\u00e3o no dia 12 para duelo com Argentina com apenas tr\u00eas jogadores que actuam no Girabola"},"content":{"rendered":"<p><img loading=\"lazy\" class=\"alignnone size-medium wp-image-197776\" src=\"https:\/\/rna.ao\/rna.ao\/wp-content\/uploads\/2025\/11\/IMG_0051-578x770.jpeg\" alt=\"\" width=\"578\" height=\"770\" srcset=\"https:\/\/rna.ao\/rna.ao\/wp-content\/uploads\/2025\/11\/IMG_0051-578x770.jpeg 578w, https:\/\/rna.ao\/rna.ao\/wp-content\/uploads\/2025\/11\/IMG_0051-878x1170.jpeg 878w, https:\/\/rna.ao\/rna.ao\/wp-content\/uploads\/2025\/11\/IMG_0051-768x1024.jpeg 768w, https:\/\/rna.ao\/rna.ao\/wp-content\/uploads\/2025\/11\/IMG_0051.jpeg 1080w\" sizes=\"(max-width: 578px) 100vw, 578px\" \/>A selec\u00e7\u00e3o nacional de futebol de Angola, Palancas Negras, inicia a sua concentra\u00e7\u00e3o no pr\u00f3ximo dia 12, em prepara\u00e7\u00e3o para o jogo com a Argentina, marcado para o dia 14, e o confronto com a Guin\u00e9-Bissau, agendado para o dia 18, ambos inseridos na data FIFA, segundo o t\u00e9cnico Patrice Boumel. Clique no \u00e1udio e ou\u00e7a:<\/p>\n\t<div class=\"qtmplayer-playlist-large\">\n\t\t<ul class=\"qtmplayer-playlist\">\n\t\t\t\n\t\t\t\t\t<li class=\"qtmplayer-trackitem\">\n\t\t<img src=\"https:\/\/rna.ao\/rna.ao\/wp-content\/uploads\/2025\/11\/IMG_0051-100x100.jpeg\" alt=\"cover\">\t\t<span \t\t\tdata-qtmplayer-cover=\"https:\/\/rna.ao\/rna.ao\/wp-content\/uploads\/2025\/11\/IMG_0051-370x370.jpeg\"\n\t\t\t\t\t\tdata-qtmplayer-file=\"https:\/\/rna.ao\/rna.ao\/wp-content\/uploads\/2025\/11\/P-J-1-PATRICE-BAUMELL-07-11-25.mp3\"\n\t\t\t\t\t\tdata-qtmplayer-title=\"Palancas Negras iniciam prepara\u00e7\u00e3o no dia 12 para duelo com Argentina com apenas tr\u00eas jogadores que actuam no Girabola\"\n\t\t\t\t\t\tdata-qtmplayer-artist=\"Juliana Nunes\"\n\t\t\t\t\t\tdata-qtmplayer-link=\"https:\/\/rna.ao\/rna.ao\/2025\/11\/07\/palancas-negras-iniciam-preparacao-no-dia-12-para-duelo-com-argentina-com-apenas-tres-jogadores-que-actuam-no-girabola\/\"\n\t\t\t\t\t\tdata-qtmplayer-icon=\"file_download\"\n\t\t\t\t\t\tdata-qtmplayer-type=\"track\"\n\t\t\t class=\"qtmplayer-play qtmplayer-link-sec qtmplayer-play-btn\"><i class='material-icons'>play_arrow<\/i><\/span>\n\t\t<p>\n\t\t\t<span class=\"qtmplayer-tit\">Palancas Negras iniciam prepara\u00e7\u00e3o no dia 12 para duelo com Argentina com apenas tr\u00eas jogadores que actuam no Girabola<\/span>\n\t\t\t<span class=\"qtmplayer-art\">Juliana Nunes<\/span>\n\t\t<\/p>\n\t<\/li>\n\t\t<\/ul>\n\t<\/div>\t\t\t\n\t\n<p>Para estes amistosos, Patrice Boumel convocou 30 jogadores, com destaque para os regressos de Rui Modesto e Megue.<\/p>\n<p>Dos convocados, apenas tr\u00eas atletas actuam no Girabola, os guarda-redes Hugo Marques, Nebl\u00fa e Agostinho, enquanto os restantes 27 jogam fora do pa\u00eds.<\/p>\n<p>A lista completa de convocados \u00e9 a seguinte:<\/p>\n<p>Guarda-redes: Nebl\u00fa, Hugo Marques, Agostinho, Dominique.<\/p>\n<p>Defesas: Kialonda Gaspar, David Carmo, Alexandre, Clinton Mata, Rui Modesto, Buatu, T\u00f3 Carneiro, Nuri Fortuna.<\/p>\n<p>M\u00e9dios: Fredy, Domingos, Maestro, Megue, Beni Mukendi, Show, Keliano, M\u00e1rio.<\/p>\n<p>Avan\u00e7ados: Zito Luvumbo, Mbala Nzola, Gelson Dala, Mabululu, Ary Papel, Milson, Manuel Benson, Randy Nteka, Chico Banza, Zine.<\/p>\n","protected":false},"excerpt":{"rendered":"<p>A selec\u00e7\u00e3o nacional de futebol de Angola, Palancas Negras, inicia a sua concentra\u00e7\u00e3o no pr\u00f3ximo dia 12, em prepara\u00e7\u00e3o para o jogo com a Argentina, marcado para o dia 14, e o confronto com a Guin\u00e9-Bissau, agendado para o dia 18, ambos inseridos na data FIFA, segundo o t\u00e9cnico Patrice ...<\/p>\n","protected":false},"author":16,"featured_media":197776,"comment_status":"closed","ping_status":"closed","sticky":false,"template":"","format":"standard","meta":[],"categories":[145,125],"tags":[],"_links":{"self":[{"href":"https:\/\/rna.ao\/rna.ao\/wp-json\/wp\/v2\/posts\/197775"}],"collection":[{"href":"https:\/\/rna.ao\/rna.ao\/wp-json\/wp\/v2\/posts"}],"about":[{"href":"https:\/\/rna.ao\/rna.ao\/wp-json\/wp\/v2\/types\/post"}],"author":[{"embeddable":true,"href":"https:\/\/rna.ao\/rna.ao\/wp-json\/wp\/v2\/users\/16"}],"replies":[{"embeddable":true,"href":"https:\/\/rna.ao\/rna.ao\/wp-json\/wp\/v2\/comments?post=197775"}],"version-history":[{"count":2,"href":"https:\/\/rna.ao\/rna.ao\/wp-json\/wp\/v2\/posts\/197775\/revisions"}],"predecessor-version":[{"id":197779,"href":"https:\/\/rna.ao\/rna.ao\/wp-json\/wp\/v2\/posts\/197775\/revisions\/197779"}],"wp:featuredmedia":[{"embeddable":true,"href":"https:\/\/rna.ao\/rna.ao\/wp-json\/wp\/v2\/media\/197776"}],"wp:attachment":[{"href":"https:\/\/rna.ao\/rna.ao\/wp-json\/wp\/v2\/media?parent=197775"}],"wp:term":[{"taxonomy":"category","embeddable":true,"href":"https:\/\/rna.ao\/rna.ao\/wp-json\/wp\/v2\/categories?post=197775"},{"taxonomy":"post_tag","embeddable":true,"href":"https:\/\/rna.ao\/rna.ao\/wp-json\/wp\/v2\/tags?post=197775"}],"curies":[{"name":"wp","href":"https:\/\/api.w.org\/{rel}","templated":true}]}}