{"id":197751,"date":"2025-11-07T10:33:32","date_gmt":"2025-11-07T09:33:32","guid":{"rendered":"https:\/\/rna.ao\/rna.ao\/?p=197751"},"modified":"2025-11-07T10:36:18","modified_gmt":"2025-11-07T09:36:18","slug":"ministro-dos-transportes-anuncia-que-corredor-do-lobito-e-o-principal-canal-de-negocios-do-pais","status":"publish","type":"post","link":"https:\/\/rna.ao\/rna.ao\/2025\/11\/07\/ministro-dos-transportes-anuncia-que-corredor-do-lobito-e-o-principal-canal-de-negocios-do-pais\/","title":{"rendered":"Ministro dos Transportes garante que Corredor do Lobito \u00e9 o principal canal de neg\u00f3cios do pa\u00eds"},"content":{"rendered":"<p><img loading=\"lazy\" class=\"alignnone size-medium wp-image-197752\" src=\"https:\/\/rna.ao\/rna.ao\/wp-content\/uploads\/2025\/11\/IMG_1537-770x608.jpeg\" alt=\"\" width=\"770\" height=\"608\" srcset=\"https:\/\/rna.ao\/rna.ao\/wp-content\/uploads\/2025\/11\/IMG_1537-770x608.jpeg 770w, https:\/\/rna.ao\/rna.ao\/wp-content\/uploads\/2025\/11\/IMG_1537-1170x924.jpeg 1170w, https:\/\/rna.ao\/rna.ao\/wp-content\/uploads\/2025\/11\/IMG_1537-768x606.jpeg 768w, https:\/\/rna.ao\/rna.ao\/wp-content\/uploads\/2025\/11\/IMG_1537.jpeg 1516w\" sizes=\"(max-width: 770px) 100vw, 770px\" \/>O Corredor do Lobito tem-se afirmado como o principal canal de neg\u00f3cios em Angola.<\/p>\n<p>A garantia foi dada nesta quinta-feira, no Huambo, pelo ministro dos Transportes, Ricardo de Abreu, durante a visita do Presidente da Alemanha \u00e0 cidade vida.<\/p>\n<p>Ricardo de Abreu destacou as val\u00eancias e benef\u00edcios que esta infraestrutura est\u00e1 a trazer para o desenvolvimento econ\u00f3mico nacional e revelou que a primeira exporta\u00e7\u00e3o de abacate do Huambo para os Pa\u00edses Baixos dever\u00e1 ocorrer j\u00e1 no pr\u00f3ximo m\u00eas de dezembro. Jornalista Fidel Cust\u00f3dio. Clique no \u00e1udio e ou\u00e7a:<\/p>\n\t<div class=\"qtmplayer-playlist-large\">\n\t\t<ul class=\"qtmplayer-playlist\">\n\t\t\t\n\t\t\t\t\t<li class=\"qtmplayer-trackitem\">\n\t\t<img src=\"https:\/\/rna.ao\/rna.ao\/wp-content\/uploads\/2025\/11\/IMG_1537-100x100.jpeg\" alt=\"cover\">\t\t<span \t\t\tdata-qtmplayer-cover=\"https:\/\/rna.ao\/rna.ao\/wp-content\/uploads\/2025\/11\/IMG_1537-370x370.jpeg\"\n\t\t\t\t\t\tdata-qtmplayer-file=\"https:\/\/rna.ao\/rna.ao\/wp-content\/uploads\/2025\/11\/HUAMBO-TRANSPORTE-8-HRS.mp3\"\n\t\t\t\t\t\tdata-qtmplayer-title=\"Ministro dos Transportes garante que Corredor do Lobito \u00e9 o principal canal de neg\u00f3cios do pa\u00eds\"\n\t\t\t\t\t\tdata-qtmplayer-artist=\"Juliana Nunes\"\n\t\t\t\t\t\tdata-qtmplayer-link=\"https:\/\/rna.ao\/rna.ao\/2025\/11\/07\/ministro-dos-transportes-anuncia-que-corredor-do-lobito-e-o-principal-canal-de-negocios-do-pais\/\"\n\t\t\t\t\t\tdata-qtmplayer-icon=\"file_download\"\n\t\t\t\t\t\tdata-qtmplayer-type=\"track\"\n\t\t\t class=\"qtmplayer-play qtmplayer-link-sec qtmplayer-play-btn\"><i class='material-icons'>play_arrow<\/i><\/span>\n\t\t<p>\n\t\t\t<span class=\"qtmplayer-tit\">Ministro dos Transportes garante que Corredor do Lobito \u00e9 o principal canal de neg\u00f3cios do pa\u00eds<\/span>\n\t\t\t<span class=\"qtmplayer-art\">Juliana Nunes<\/span>\n\t\t<\/p>\n\t<\/li>\n\t\t<\/ul>\n\t<\/div>\t\t\t\n\t\n","protected":false},"excerpt":{"rendered":"<p>O Corredor do Lobito tem-se afirmado como o principal canal de neg\u00f3cios em Angola. A garantia foi dada nesta quinta-feira, no Huambo, pelo ministro dos Transportes, Ricardo de Abreu, durante a visita do Presidente da Alemanha \u00e0 cidade vida. Ricardo de Abreu destacou as val\u00eancias e benef\u00edcios que esta infraestrutura ...<\/p>\n","protected":false},"author":16,"featured_media":197752,"comment_status":"closed","ping_status":"closed","sticky":false,"template":"","format":"standard","meta":[],"categories":[142,121,164,163],"tags":[],"_links":{"self":[{"href":"https:\/\/rna.ao\/rna.ao\/wp-json\/wp\/v2\/posts\/197751"}],"collection":[{"href":"https:\/\/rna.ao\/rna.ao\/wp-json\/wp\/v2\/posts"}],"about":[{"href":"https:\/\/rna.ao\/rna.ao\/wp-json\/wp\/v2\/types\/post"}],"author":[{"embeddable":true,"href":"https:\/\/rna.ao\/rna.ao\/wp-json\/wp\/v2\/users\/16"}],"replies":[{"embeddable":true,"href":"https:\/\/rna.ao\/rna.ao\/wp-json\/wp\/v2\/comments?post=197751"}],"version-history":[{"count":3,"href":"https:\/\/rna.ao\/rna.ao\/wp-json\/wp\/v2\/posts\/197751\/revisions"}],"predecessor-version":[{"id":197756,"href":"https:\/\/rna.ao\/rna.ao\/wp-json\/wp\/v2\/posts\/197751\/revisions\/197756"}],"wp:featuredmedia":[{"embeddable":true,"href":"https:\/\/rna.ao\/rna.ao\/wp-json\/wp\/v2\/media\/197752"}],"wp:attachment":[{"href":"https:\/\/rna.ao\/rna.ao\/wp-json\/wp\/v2\/media?parent=197751"}],"wp:term":[{"taxonomy":"category","embeddable":true,"href":"https:\/\/rna.ao\/rna.ao\/wp-json\/wp\/v2\/categories?post=197751"},{"taxonomy":"post_tag","embeddable":true,"href":"https:\/\/rna.ao\/rna.ao\/wp-json\/wp\/v2\/tags?post=197751"}],"curies":[{"name":"wp","href":"https:\/\/api.w.org\/{rel}","templated":true}]}}