{"id":197727,"date":"2025-11-07T09:41:36","date_gmt":"2025-11-07T08:41:36","guid":{"rendered":"https:\/\/rna.ao\/rna.ao\/?p=197727"},"modified":"2025-11-07T09:44:00","modified_gmt":"2025-11-07T08:44:00","slug":"centro-ortopedico-de-viana-quer-produzir-proteses-inteligentes","status":"publish","type":"post","link":"https:\/\/rna.ao\/rna.ao\/2025\/11\/07\/centro-ortopedico-de-viana-quer-produzir-proteses-inteligentes\/","title":{"rendered":"Centro Ortop\u00e9dico de Viana quer produzir pr\u00f3teses inteligentes"},"content":{"rendered":"<p><img loading=\"lazy\" class=\"alignnone size-full wp-image-197728\" src=\"https:\/\/rna.ao\/rna.ao\/wp-content\/uploads\/2025\/11\/IMG_1531.jpeg\" alt=\"\" width=\"621\" height=\"409\" \/>O Centro Ortop\u00e9dico de Viana, em Luanda, prev\u00ea, para os pr\u00f3ximos anos, iniciar a produ\u00e7\u00e3o de pr\u00f3teses inteligentes, um passo que marca uma nova fase na moderniza\u00e7\u00e3o dos servi\u00e7os prestados pela institui\u00e7\u00e3o.<\/p>\n<p>Esta inova\u00e7\u00e3o representa um valor acrescentado e reflecte a evolu\u00e7\u00e3o tecnol\u00f3gica e cient\u00edfica do Centro, que celebra 35 anos de exist\u00eancia.<\/p>\n<p>De acordo com o director do Centro Ortop\u00e9dico de Viana, Bertil Kassoma, a nova era da institui\u00e7\u00e3o come\u00e7a a ser tra\u00e7ada a partir de hoje, com o arranque das sextas Jornadas Cient\u00edficas. Jornalista Polaco Pedro. Clique no \u00e1udio e ou\u00e7a:<\/p>\n\t<div class=\"qtmplayer-playlist-large\">\n\t\t<ul class=\"qtmplayer-playlist\">\n\t\t\t\n\t\t\t\t\t<li class=\"qtmplayer-trackitem\">\n\t\t<img src=\"https:\/\/rna.ao\/rna.ao\/wp-content\/uploads\/2025\/11\/IMG_1531-100x100.jpeg\" alt=\"cover\">\t\t<span \t\t\tdata-qtmplayer-cover=\"https:\/\/rna.ao\/rna.ao\/wp-content\/uploads\/2025\/11\/IMG_1531-370x370.jpeg\"\n\t\t\t\t\t\tdata-qtmplayer-file=\"https:\/\/rna.ao\/rna.ao\/wp-content\/uploads\/2025\/11\/POLACO-PEDRO-CENTRO-08-HRS.mp3\"\n\t\t\t\t\t\tdata-qtmplayer-title=\"Centro Ortop\u00e9dico de Viana quer produzir pr\u00f3teses inteligentes\"\n\t\t\t\t\t\tdata-qtmplayer-artist=\"Juliana Nunes\"\n\t\t\t\t\t\tdata-qtmplayer-link=\"https:\/\/rna.ao\/rna.ao\/2025\/11\/07\/centro-ortopedico-de-viana-quer-produzir-proteses-inteligentes\/\"\n\t\t\t\t\t\tdata-qtmplayer-icon=\"file_download\"\n\t\t\t\t\t\tdata-qtmplayer-type=\"track\"\n\t\t\t class=\"qtmplayer-play qtmplayer-link-sec qtmplayer-play-btn\"><i class='material-icons'>play_arrow<\/i><\/span>\n\t\t<p>\n\t\t\t<span class=\"qtmplayer-tit\">Centro Ortop\u00e9dico de Viana quer produzir pr\u00f3teses inteligentes<\/span>\n\t\t\t<span class=\"qtmplayer-art\">Juliana Nunes<\/span>\n\t\t<\/p>\n\t<\/li>\n\t\t<\/ul>\n\t<\/div>\t\t\t\n\t\n","protected":false},"excerpt":{"rendered":"<p>O Centro Ortop\u00e9dico de Viana, em Luanda, prev\u00ea, para os pr\u00f3ximos anos, iniciar a produ\u00e7\u00e3o de pr\u00f3teses inteligentes, um passo que marca uma nova fase na moderniza\u00e7\u00e3o dos servi\u00e7os prestados pela institui\u00e7\u00e3o. Esta inova\u00e7\u00e3o representa um valor acrescentado e reflecte a evolu\u00e7\u00e3o tecnol\u00f3gica e cient\u00edfica do Centro, que celebra 35 ...<\/p>\n","protected":false},"author":16,"featured_media":197728,"comment_status":"closed","ping_status":"closed","sticky":false,"template":"","format":"standard","meta":[],"categories":[142,121,164,163],"tags":[],"_links":{"self":[{"href":"https:\/\/rna.ao\/rna.ao\/wp-json\/wp\/v2\/posts\/197727"}],"collection":[{"href":"https:\/\/rna.ao\/rna.ao\/wp-json\/wp\/v2\/posts"}],"about":[{"href":"https:\/\/rna.ao\/rna.ao\/wp-json\/wp\/v2\/types\/post"}],"author":[{"embeddable":true,"href":"https:\/\/rna.ao\/rna.ao\/wp-json\/wp\/v2\/users\/16"}],"replies":[{"embeddable":true,"href":"https:\/\/rna.ao\/rna.ao\/wp-json\/wp\/v2\/comments?post=197727"}],"version-history":[{"count":3,"href":"https:\/\/rna.ao\/rna.ao\/wp-json\/wp\/v2\/posts\/197727\/revisions"}],"predecessor-version":[{"id":197732,"href":"https:\/\/rna.ao\/rna.ao\/wp-json\/wp\/v2\/posts\/197727\/revisions\/197732"}],"wp:featuredmedia":[{"embeddable":true,"href":"https:\/\/rna.ao\/rna.ao\/wp-json\/wp\/v2\/media\/197728"}],"wp:attachment":[{"href":"https:\/\/rna.ao\/rna.ao\/wp-json\/wp\/v2\/media?parent=197727"}],"wp:term":[{"taxonomy":"category","embeddable":true,"href":"https:\/\/rna.ao\/rna.ao\/wp-json\/wp\/v2\/categories?post=197727"},{"taxonomy":"post_tag","embeddable":true,"href":"https:\/\/rna.ao\/rna.ao\/wp-json\/wp\/v2\/tags?post=197727"}],"curies":[{"name":"wp","href":"https:\/\/api.w.org\/{rel}","templated":true}]}}