{"id":197714,"date":"2025-11-07T09:09:18","date_gmt":"2025-11-07T08:09:18","guid":{"rendered":"https:\/\/rna.ao\/rna.ao\/?p=197714"},"modified":"2025-11-07T09:11:17","modified_gmt":"2025-11-07T08:11:17","slug":"exportacao-de-abacate-marca-primeira-fase-da-plataforma-logistica-da-caala-que-entra-em-operacao-em-dezembro","status":"publish","type":"post","link":"https:\/\/rna.ao\/rna.ao\/2025\/11\/07\/exportacao-de-abacate-marca-primeira-fase-da-plataforma-logistica-da-caala-que-entra-em-operacao-em-dezembro\/","title":{"rendered":"Exporta\u00e7\u00e3o de abacate marca primeira fase da Plataforma Log\u00edstica da Ca\u00e1la, que entra em opera\u00e7\u00e3o em dezembro"},"content":{"rendered":"<p><img loading=\"lazy\" class=\"alignnone size-medium wp-image-197715\" src=\"https:\/\/rna.ao\/rna.ao\/wp-content\/uploads\/2025\/11\/IMG_1528-770x470.jpeg\" alt=\"\" width=\"770\" height=\"470\" srcset=\"https:\/\/rna.ao\/rna.ao\/wp-content\/uploads\/2025\/11\/IMG_1528-770x470.jpeg 770w, https:\/\/rna.ao\/rna.ao\/wp-content\/uploads\/2025\/11\/IMG_1528-1170x713.jpeg 1170w, https:\/\/rna.ao\/rna.ao\/wp-content\/uploads\/2025\/11\/IMG_1528-768x468.jpeg 768w, https:\/\/rna.ao\/rna.ao\/wp-content\/uploads\/2025\/11\/IMG_1528-1536x937.jpeg 1536w, https:\/\/rna.ao\/rna.ao\/wp-content\/uploads\/2025\/11\/IMG_1528.jpeg 1599w\" sizes=\"(max-width: 770px) 100vw, 770px\" \/>No quadro da visita oficial do Presidente da Alemanha a Angola, Frank-Walter Steinmeier trabalhou ontem na prov\u00edncia do Huambo, onde visitou a f\u00e1brica de produ\u00e7\u00e3o de vacinas para animais, empreendimento que conta com financiamento germ\u00e2nico.<\/p>\n<p>O estadista alem\u00e3o esteve tamb\u00e9m na sede da Hallo Trust, uma ONG internacional dedicada \u00e0 desminagem, e visitou o Centro de Reabilita\u00e7\u00e3o F\u00edsica Princesa Diana.<\/p>\n<p>Ainda na regi\u00e3o, Frank-Walter Steinmeier deslocou-se ao munic\u00edpio da Ca\u00e1la, onde visitou a Capela de Nossa Senhora do Monte, pertencente \u00e0 Igreja Cat\u00f3lica, realizou uma viagem de comboio e conheceu o projecto da Plataforma Log\u00edstica da Ca\u00e1la, que integra o Corredor do Lobito.<\/p>\n<p>De acordo com a Ag\u00eancia Reguladora de Certifica\u00e7\u00e3o de Carga e Log\u00edstica de Angola &#8211; ACCLA, a entrada em funcionamento da Plataforma da Ca\u00e1la est\u00e1 prevista para o pr\u00f3ximo m\u00eas de dezembro, com o in\u00edcio da sua primeira fase operacional, que ter\u00e1 como destaque a exporta\u00e7\u00e3o de abacate.Jornalista Ivone de Lourdes. Clique no \u00e1udio e ou\u00e7a:<\/p>\n\t<div class=\"qtmplayer-playlist-large\">\n\t\t<ul class=\"qtmplayer-playlist\">\n\t\t\t\n\t\t\t\t\t<li class=\"qtmplayer-trackitem\">\n\t\t<img src=\"https:\/\/rna.ao\/rna.ao\/wp-content\/uploads\/2025\/11\/IMG_1527-100x100.jpeg\" alt=\"cover\">\t\t<span \t\t\tdata-qtmplayer-cover=\"https:\/\/rna.ao\/rna.ao\/wp-content\/uploads\/2025\/11\/IMG_1527.jpeg\"\n\t\t\t\t\t\tdata-qtmplayer-file=\"https:\/\/rna.ao\/rna.ao\/wp-content\/uploads\/2025\/11\/HUAMBO-ACCLA-07-HRS.mp3\"\n\t\t\t\t\t\tdata-qtmplayer-title=\"Exporta\u00e7\u00e3o de abacate marca primeira fase da Plataforma Log\u00edstica da Ca\u00e1la, que entra em opera\u00e7\u00e3o em dezembro\"\n\t\t\t\t\t\tdata-qtmplayer-artist=\"Juliana Nunes\"\n\t\t\t\t\t\tdata-qtmplayer-link=\"https:\/\/rna.ao\/rna.ao\/2025\/11\/07\/exportacao-de-abacate-marca-primeira-fase-da-plataforma-logistica-da-caala-que-entra-em-operacao-em-dezembro\/\"\n\t\t\t\t\t\tdata-qtmplayer-icon=\"file_download\"\n\t\t\t\t\t\tdata-qtmplayer-type=\"track\"\n\t\t\t class=\"qtmplayer-play qtmplayer-link-sec qtmplayer-play-btn\"><i class='material-icons'>play_arrow<\/i><\/span>\n\t\t<p>\n\t\t\t<span class=\"qtmplayer-tit\">Exporta\u00e7\u00e3o de abacate marca primeira fase da Plataforma Log\u00edstica da Ca\u00e1la, que entra em opera\u00e7\u00e3o em dezembro<\/span>\n\t\t\t<span class=\"qtmplayer-art\">Juliana Nunes<\/span>\n\t\t<\/p>\n\t<\/li>\n\t\t<\/ul>\n\t<\/div>\t\t\t\n\t\n","protected":false},"excerpt":{"rendered":"<p>No quadro da visita oficial do Presidente da Alemanha a Angola, Frank-Walter Steinmeier trabalhou ontem na prov\u00edncia do Huambo, onde visitou a f\u00e1brica de produ\u00e7\u00e3o de vacinas para animais, empreendimento que conta com financiamento germ\u00e2nico. O estadista alem\u00e3o esteve tamb\u00e9m na sede da Hallo Trust, uma ONG internacional dedicada \u00e0 ...<\/p>\n","protected":false},"author":16,"featured_media":197716,"comment_status":"closed","ping_status":"closed","sticky":false,"template":"","format":"standard","meta":[],"categories":[142,121,164,163],"tags":[],"_links":{"self":[{"href":"https:\/\/rna.ao\/rna.ao\/wp-json\/wp\/v2\/posts\/197714"}],"collection":[{"href":"https:\/\/rna.ao\/rna.ao\/wp-json\/wp\/v2\/posts"}],"about":[{"href":"https:\/\/rna.ao\/rna.ao\/wp-json\/wp\/v2\/types\/post"}],"author":[{"embeddable":true,"href":"https:\/\/rna.ao\/rna.ao\/wp-json\/wp\/v2\/users\/16"}],"replies":[{"embeddable":true,"href":"https:\/\/rna.ao\/rna.ao\/wp-json\/wp\/v2\/comments?post=197714"}],"version-history":[{"count":3,"href":"https:\/\/rna.ao\/rna.ao\/wp-json\/wp\/v2\/posts\/197714\/revisions"}],"predecessor-version":[{"id":197720,"href":"https:\/\/rna.ao\/rna.ao\/wp-json\/wp\/v2\/posts\/197714\/revisions\/197720"}],"wp:featuredmedia":[{"embeddable":true,"href":"https:\/\/rna.ao\/rna.ao\/wp-json\/wp\/v2\/media\/197716"}],"wp:attachment":[{"href":"https:\/\/rna.ao\/rna.ao\/wp-json\/wp\/v2\/media?parent=197714"}],"wp:term":[{"taxonomy":"category","embeddable":true,"href":"https:\/\/rna.ao\/rna.ao\/wp-json\/wp\/v2\/categories?post=197714"},{"taxonomy":"post_tag","embeddable":true,"href":"https:\/\/rna.ao\/rna.ao\/wp-json\/wp\/v2\/tags?post=197714"}],"curies":[{"name":"wp","href":"https:\/\/api.w.org\/{rel}","templated":true}]}}