{"id":192329,"date":"2025-09-17T11:44:35","date_gmt":"2025-09-17T10:44:35","guid":{"rendered":"https:\/\/rna.ao\/rna.ao\/?p=192329"},"modified":"2025-09-17T11:52:26","modified_gmt":"2025-09-17T10:52:26","slug":"jornalistas-angolanos-defendem-cooperacao-mediatica-entre-angola-e-china-na-producao-de-conteudo-informativos","status":"publish","type":"post","link":"https:\/\/rna.ao\/rna.ao\/2025\/09\/17\/jornalistas-angolanos-defendem-cooperacao-mediatica-entre-angola-e-china-na-producao-de-conteudo-informativos\/","title":{"rendered":"Jornalistas angolanos defendem coopera\u00e7\u00e3o medi\u00e1tica entre Angola e China na produ\u00e7\u00e3o de conte\u00fados informativos"},"content":{"rendered":"<p><img loading=\"lazy\" class=\"alignnone wp-image-192331\" src=\"https:\/\/rna.ao\/rna.ao\/wp-content\/uploads\/2025\/09\/jornalistas-antonio-chocolate-770x514.jpg\" alt=\"\" width=\"354\" height=\"236\" srcset=\"https:\/\/rna.ao\/rna.ao\/wp-content\/uploads\/2025\/09\/jornalistas-antonio-chocolate-770x514.jpg 770w, https:\/\/rna.ao\/rna.ao\/wp-content\/uploads\/2025\/09\/jornalistas-antonio-chocolate-768x513.jpg 768w, https:\/\/rna.ao\/rna.ao\/wp-content\/uploads\/2025\/09\/jornalistas-antonio-chocolate.jpg 1080w\" sizes=\"(max-width: 354px) 100vw, 354px\" \/> <img loading=\"lazy\" class=\"alignnone wp-image-192332\" src=\"https:\/\/rna.ao\/rna.ao\/wp-content\/uploads\/2025\/09\/jornalistas-antonio-chocolatee-770x514.jpg\" alt=\"\" width=\"357\" height=\"238\" srcset=\"https:\/\/rna.ao\/rna.ao\/wp-content\/uploads\/2025\/09\/jornalistas-antonio-chocolatee-770x514.jpg 770w, https:\/\/rna.ao\/rna.ao\/wp-content\/uploads\/2025\/09\/jornalistas-antonio-chocolatee-768x513.jpg 768w, https:\/\/rna.ao\/rna.ao\/wp-content\/uploads\/2025\/09\/jornalistas-antonio-chocolatee.jpg 1080w\" sizes=\"(max-width: 357px) 100vw, 357px\" \/><\/p>\n<p>Os Jornalistas Angolanos querem maior interc\u00e2mbio com a China em diversas \u00e1reas com especial \u00eanfase no sector da comunica\u00e7\u00e3o social. O que se pretende \u00e9 aprofundar o conhecimento, trocar experi\u00eancias e fortalecer mais a coopera\u00e7\u00e3o medi\u00e1tica entre os dois pa\u00edses. Ou\u00e7a no \u00e1udio abaixo toda informa\u00e7\u00e3o com a reportagem do Ant\u00f3nio Chocolate:<\/p>\n\t<div class=\"qtmplayer-playlist-large\">\n\t\t<ul class=\"qtmplayer-playlist\">\n\t\t\t\n\t\t\t\t\t<li class=\"qtmplayer-trackitem\">\n\t\t<img src=\"https:\/\/rna.ao\/rna.ao\/wp-content\/uploads\/2025\/09\/jornalistas-antonio-chocolate-100x100.jpg\" alt=\"cover\">\t\t<span \t\t\tdata-qtmplayer-cover=\"https:\/\/rna.ao\/rna.ao\/wp-content\/uploads\/2025\/09\/jornalistas-antonio-chocolate-370x370.jpg\"\n\t\t\t\t\t\tdata-qtmplayer-file=\"https:\/\/rna.ao\/rna.ao\/wp-content\/uploads\/2025\/09\/ANTONIO-CHOCOLATE-20H.mp3\"\n\t\t\t\t\t\tdata-qtmplayer-title=\"Jornalistas angolanos defendem coopera\u00e7\u00e3o medi\u00e1tica entre Angola e China na produ\u00e7\u00e3o de conte\u00fados informativos\"\n\t\t\t\t\t\tdata-qtmplayer-artist=\"Ant\u00f3nio Augusto\"\n\t\t\t\t\t\tdata-qtmplayer-link=\"https:\/\/rna.ao\/rna.ao\/2025\/09\/17\/jornalistas-angolanos-defendem-cooperacao-mediatica-entre-angola-e-china-na-producao-de-conteudo-informativos\/\"\n\t\t\t\t\t\tdata-qtmplayer-icon=\"file_download\"\n\t\t\t\t\t\tdata-qtmplayer-type=\"track\"\n\t\t\t class=\"qtmplayer-play qtmplayer-link-sec qtmplayer-play-btn\"><i class='material-icons'>play_arrow<\/i><\/span>\n\t\t<p>\n\t\t\t<span class=\"qtmplayer-tit\">Jornalistas angolanos defendem coopera\u00e7\u00e3o medi\u00e1tica entre Angola e China na produ\u00e7\u00e3o de conte\u00fados informativos<\/span>\n\t\t\t<span class=\"qtmplayer-art\">Ant\u00f3nio Augusto<\/span>\n\t\t<\/p>\n\t<\/li>\n\t\t<\/ul>\n\t<\/div>\t\t\t\n\t\n","protected":false},"excerpt":{"rendered":"<p>Os Jornalistas Angolanos querem maior interc\u00e2mbio com a China em diversas \u00e1reas com especial \u00eanfase no sector da comunica\u00e7\u00e3o social. O que se pretende \u00e9 aprofundar o conhecimento, trocar experi\u00eancias e fortalecer mais a coopera\u00e7\u00e3o medi\u00e1tica entre os dois pa\u00edses. Ou\u00e7a no \u00e1udio abaixo toda informa\u00e7\u00e3o com a reportagem do ...<\/p>\n","protected":false},"author":23,"featured_media":192331,"comment_status":"closed","ping_status":"closed","sticky":false,"template":"","format":"standard","meta":[],"categories":[141,133,164],"tags":[],"_links":{"self":[{"href":"https:\/\/rna.ao\/rna.ao\/wp-json\/wp\/v2\/posts\/192329"}],"collection":[{"href":"https:\/\/rna.ao\/rna.ao\/wp-json\/wp\/v2\/posts"}],"about":[{"href":"https:\/\/rna.ao\/rna.ao\/wp-json\/wp\/v2\/types\/post"}],"author":[{"embeddable":true,"href":"https:\/\/rna.ao\/rna.ao\/wp-json\/wp\/v2\/users\/23"}],"replies":[{"embeddable":true,"href":"https:\/\/rna.ao\/rna.ao\/wp-json\/wp\/v2\/comments?post=192329"}],"version-history":[{"count":2,"href":"https:\/\/rna.ao\/rna.ao\/wp-json\/wp\/v2\/posts\/192329\/revisions"}],"predecessor-version":[{"id":192335,"href":"https:\/\/rna.ao\/rna.ao\/wp-json\/wp\/v2\/posts\/192329\/revisions\/192335"}],"wp:featuredmedia":[{"embeddable":true,"href":"https:\/\/rna.ao\/rna.ao\/wp-json\/wp\/v2\/media\/192331"}],"wp:attachment":[{"href":"https:\/\/rna.ao\/rna.ao\/wp-json\/wp\/v2\/media?parent=192329"}],"wp:term":[{"taxonomy":"category","embeddable":true,"href":"https:\/\/rna.ao\/rna.ao\/wp-json\/wp\/v2\/categories?post=192329"},{"taxonomy":"post_tag","embeddable":true,"href":"https:\/\/rna.ao\/rna.ao\/wp-json\/wp\/v2\/tags?post=192329"}],"curies":[{"name":"wp","href":"https:\/\/api.w.org\/{rel}","templated":true}]}}