{"id":192321,"date":"2025-09-17T11:09:23","date_gmt":"2025-09-17T10:09:23","guid":{"rendered":"https:\/\/rna.ao\/rna.ao\/?p=192321"},"modified":"2025-09-17T11:09:23","modified_gmt":"2025-09-17T10:09:23","slug":"avanco-das-tropas-israelitas-a-cidade-de-gaza-pode-agravar-situacao-na-regiao","status":"publish","type":"post","link":"https:\/\/rna.ao\/rna.ao\/2025\/09\/17\/avanco-das-tropas-israelitas-a-cidade-de-gaza-pode-agravar-situacao-na-regiao\/","title":{"rendered":"Avan\u00e7o das tropas israelitas \u00e0 cidade de Gaza pode agravar situa\u00e7\u00e3o na regi\u00e3o"},"content":{"rendered":"<p><img loading=\"lazy\" class=\"wp-image-192322 aligncenter\" src=\"https:\/\/rna.ao\/rna.ao\/wp-content\/uploads\/2025\/09\/operacao-militar-em-curso-vai-agravar-a-catastrofe-humanitaria-israele-770x433.jpg\" alt=\"\" width=\"439\" height=\"247\" srcset=\"https:\/\/rna.ao\/rna.ao\/wp-content\/uploads\/2025\/09\/operacao-militar-em-curso-vai-agravar-a-catastrofe-humanitaria-israele-770x433.jpg 770w, https:\/\/rna.ao\/rna.ao\/wp-content\/uploads\/2025\/09\/operacao-militar-em-curso-vai-agravar-a-catastrofe-humanitaria-israele-768x432.jpg 768w, https:\/\/rna.ao\/rna.ao\/wp-content\/uploads\/2025\/09\/operacao-militar-em-curso-vai-agravar-a-catastrofe-humanitaria-israele.jpg 900w\" sizes=\"(max-width: 439px) 100vw, 439px\" \/>O Hamas classificou hoje o avan\u00e7o das tropas israelitas na cidade de Gaza como uma limpeza \u00e9tnica e alertou que a opera\u00e7\u00e3o militar em curso vai agravar a cat\u00e1strofe humanit\u00e1ria no enclave.\u00a0A opera\u00e7\u00e3o militar em grande escala na cidade n\u00e3o \u00e9 mais do que um novo cap\u00edtulo na guerra sistem\u00e1tica de genoc\u00eddio e limpeza \u00e9tnica contra o nosso povo em Gaza. O Ex\u00e9rcito israelita confirmou que as suas tropas terrestres est\u00e3o agora dentro da cidade de Gaza, ap\u00f3s semanas de intenso bombardeamento em bairros onde se estima permanecerem entre 2.000 a 3.000 militantes do Hamas.<\/p>\n","protected":false},"excerpt":{"rendered":"<p>O Hamas classificou hoje o avan\u00e7o das tropas israelitas na cidade de Gaza como uma limpeza \u00e9tnica e alertou que a opera\u00e7\u00e3o militar em curso vai agravar a cat\u00e1strofe humanit\u00e1ria no enclave.\u00a0A opera\u00e7\u00e3o militar em grande escala na cidade n\u00e3o \u00e9 mais do que um novo cap\u00edtulo na guerra sistem\u00e1tica ...<\/p>\n","protected":false},"author":23,"featured_media":192322,"comment_status":"closed","ping_status":"closed","sticky":false,"template":"","format":"standard","meta":[],"categories":[143,137,164],"tags":[],"_links":{"self":[{"href":"https:\/\/rna.ao\/rna.ao\/wp-json\/wp\/v2\/posts\/192321"}],"collection":[{"href":"https:\/\/rna.ao\/rna.ao\/wp-json\/wp\/v2\/posts"}],"about":[{"href":"https:\/\/rna.ao\/rna.ao\/wp-json\/wp\/v2\/types\/post"}],"author":[{"embeddable":true,"href":"https:\/\/rna.ao\/rna.ao\/wp-json\/wp\/v2\/users\/23"}],"replies":[{"embeddable":true,"href":"https:\/\/rna.ao\/rna.ao\/wp-json\/wp\/v2\/comments?post=192321"}],"version-history":[{"count":1,"href":"https:\/\/rna.ao\/rna.ao\/wp-json\/wp\/v2\/posts\/192321\/revisions"}],"predecessor-version":[{"id":192323,"href":"https:\/\/rna.ao\/rna.ao\/wp-json\/wp\/v2\/posts\/192321\/revisions\/192323"}],"wp:featuredmedia":[{"embeddable":true,"href":"https:\/\/rna.ao\/rna.ao\/wp-json\/wp\/v2\/media\/192322"}],"wp:attachment":[{"href":"https:\/\/rna.ao\/rna.ao\/wp-json\/wp\/v2\/media?parent=192321"}],"wp:term":[{"taxonomy":"category","embeddable":true,"href":"https:\/\/rna.ao\/rna.ao\/wp-json\/wp\/v2\/categories?post=192321"},{"taxonomy":"post_tag","embeddable":true,"href":"https:\/\/rna.ao\/rna.ao\/wp-json\/wp\/v2\/tags?post=192321"}],"curies":[{"name":"wp","href":"https:\/\/api.w.org\/{rel}","templated":true}]}}