{"id":192301,"date":"2025-09-17T10:03:18","date_gmt":"2025-09-17T09:03:18","guid":{"rendered":"https:\/\/rna.ao\/rna.ao\/?p=192301"},"modified":"2025-09-17T10:07:15","modified_gmt":"2025-09-17T09:07:15","slug":"huila-municipios-do-dongo-e-jamba-mineira-voltaram-a-registar-casos-de-colera","status":"publish","type":"post","link":"https:\/\/rna.ao\/rna.ao\/2025\/09\/17\/huila-municipios-do-dongo-e-jamba-mineira-voltaram-a-registar-casos-de-colera\/","title":{"rendered":"Hu\u00edla: Munic\u00edpios do Dongo e Jamba Mineira voltaram a registar casos de c\u00f3lera"},"content":{"rendered":"<p><strong><img loading=\"lazy\" class=\"alignnone wp-image-192303\" src=\"https:\/\/rna.ao\/rna.ao\/wp-content\/uploads\/2025\/09\/O-Governador-da-Huila-Nuno-Bernabe-Mahapi-Dalaa.jpg\" alt=\"\" width=\"298\" height=\"197\" \/> <img loading=\"lazy\" class=\"alignnone wp-image-192304\" src=\"https:\/\/rna.ao\/rna.ao\/wp-content\/uploads\/2025\/09\/O-Governador-da-Huila-Nuno-Bernabe-Mahapi-Dala.jpg\" alt=\"\" width=\"294\" height=\"194\" \/><\/strong><\/p>\n<p><strong>O<\/strong>s munic\u00edpios do Dongo e Jamba Mineira, na Hu\u00edla, voltaram a registar casos de c\u00f3lera. A situa\u00e7\u00e3o fez deslocar, ontem, ter\u00e7a-feira(16), uma equipa multidisciplinar encabe\u00e7ada pelo Governador da prov\u00edncia, Nuno Mahapi Dala, para constatar no terreno a situa\u00e7\u00e3o e definir medidas para cortar a cadeia de transmiss\u00e3o da doen\u00e7a. Ou\u00e7a no \u00e1udio abaixo toda informa\u00e7\u00e3o com a reportagem do Severino de Jesus:<\/p>\n\t<div class=\"qtmplayer-playlist-large\">\n\t\t<ul class=\"qtmplayer-playlist\">\n\t\t\t\n\t\t\t\t\t<li class=\"qtmplayer-trackitem\">\n\t\t<img src=\"https:\/\/rna.ao\/rna.ao\/wp-content\/uploads\/2023\/06\/colera-100x100.jpg\" alt=\"cover\">\t\t<span \t\t\tdata-qtmplayer-cover=\"https:\/\/rna.ao\/rna.ao\/wp-content\/uploads\/2023\/06\/colera-370x370.jpg\"\n\t\t\t\t\t\tdata-qtmplayer-file=\"https:\/\/rna.ao\/rna.ao\/wp-content\/uploads\/2025\/09\/HUILA-COLERA-07HRS.mp3\"\n\t\t\t\t\t\tdata-qtmplayer-title=\"Hu\u00edla: Munic\u00edpios do Dongo e Jamba Mineira voltaram a registar casos de c\u00f3lera\"\n\t\t\t\t\t\tdata-qtmplayer-artist=\"Ant\u00f3nio Augusto\"\n\t\t\t\t\t\tdata-qtmplayer-link=\"https:\/\/rna.ao\/rna.ao\/2025\/09\/17\/huila-municipios-do-dongo-e-jamba-mineira-voltaram-a-registar-casos-de-colera\/\"\n\t\t\t\t\t\tdata-qtmplayer-icon=\"file_download\"\n\t\t\t\t\t\tdata-qtmplayer-type=\"track\"\n\t\t\t class=\"qtmplayer-play qtmplayer-link-sec qtmplayer-play-btn\"><i class='material-icons'>play_arrow<\/i><\/span>\n\t\t<p>\n\t\t\t<span class=\"qtmplayer-tit\">Hu\u00edla: Munic\u00edpios do Dongo e Jamba Mineira voltaram a registar casos de c\u00f3lera<\/span>\n\t\t\t<span class=\"qtmplayer-art\">Ant\u00f3nio Augusto<\/span>\n\t\t<\/p>\n\t<\/li>\n\t\t<\/ul>\n\t<\/div>\t\t\t\n\t\n","protected":false},"excerpt":{"rendered":"<p>Os munic\u00edpios do Dongo e Jamba Mineira, na Hu\u00edla, voltaram a registar casos de c\u00f3lera. A situa\u00e7\u00e3o fez deslocar, ontem, ter\u00e7a-feira(16), uma equipa multidisciplinar encabe\u00e7ada pelo Governador da prov\u00edncia, Nuno Mahapi Dala, para constatar no terreno a situa\u00e7\u00e3o e definir medidas para cortar a cadeia de transmiss\u00e3o da doen\u00e7a. Ou\u00e7a ...<\/p>\n","protected":false},"author":23,"featured_media":105522,"comment_status":"closed","ping_status":"closed","sticky":false,"template":"","format":"standard","meta":[],"categories":[142,121,164,163],"tags":[],"_links":{"self":[{"href":"https:\/\/rna.ao\/rna.ao\/wp-json\/wp\/v2\/posts\/192301"}],"collection":[{"href":"https:\/\/rna.ao\/rna.ao\/wp-json\/wp\/v2\/posts"}],"about":[{"href":"https:\/\/rna.ao\/rna.ao\/wp-json\/wp\/v2\/types\/post"}],"author":[{"embeddable":true,"href":"https:\/\/rna.ao\/rna.ao\/wp-json\/wp\/v2\/users\/23"}],"replies":[{"embeddable":true,"href":"https:\/\/rna.ao\/rna.ao\/wp-json\/wp\/v2\/comments?post=192301"}],"version-history":[{"count":3,"href":"https:\/\/rna.ao\/rna.ao\/wp-json\/wp\/v2\/posts\/192301\/revisions"}],"predecessor-version":[{"id":192308,"href":"https:\/\/rna.ao\/rna.ao\/wp-json\/wp\/v2\/posts\/192301\/revisions\/192308"}],"wp:featuredmedia":[{"embeddable":true,"href":"https:\/\/rna.ao\/rna.ao\/wp-json\/wp\/v2\/media\/105522"}],"wp:attachment":[{"href":"https:\/\/rna.ao\/rna.ao\/wp-json\/wp\/v2\/media?parent=192301"}],"wp:term":[{"taxonomy":"category","embeddable":true,"href":"https:\/\/rna.ao\/rna.ao\/wp-json\/wp\/v2\/categories?post=192301"},{"taxonomy":"post_tag","embeddable":true,"href":"https:\/\/rna.ao\/rna.ao\/wp-json\/wp\/v2\/tags?post=192301"}],"curies":[{"name":"wp","href":"https:\/\/api.w.org\/{rel}","templated":true}]}}