{"id":192295,"date":"2025-09-17T09:49:51","date_gmt":"2025-09-17T08:49:51","guid":{"rendered":"https:\/\/rna.ao\/rna.ao\/?p=192295"},"modified":"2025-09-17T09:49:51","modified_gmt":"2025-09-17T08:49:51","slug":"surto-de-sarampo-no-huambo-causa-47-mortes-e-mais-de-mil-infectados","status":"publish","type":"post","link":"https:\/\/rna.ao\/rna.ao\/2025\/09\/17\/surto-de-sarampo-no-huambo-causa-47-mortes-e-mais-de-mil-infectados\/","title":{"rendered":"Surto de sarampo no Huambo causa 47 mortes e mais de mil infectados"},"content":{"rendered":"<p><strong><img loading=\"lazy\" class=\"size-full wp-image-192298 aligncenter\" src=\"https:\/\/rna.ao\/rna.ao\/wp-content\/uploads\/2025\/09\/sarampo-no-Huambo.jpg\" alt=\"\" width=\"275\" height=\"183\" \/>A<\/strong> prov\u00edncia do Huambo, registou de janeiro at\u00e9 a presente data, mais de mil casos de sarampo em crian\u00e7as, dos quais, quarenta e sete resultaram em mortes. A falta de observ\u00e2ncia do calend\u00e1rio infantil de vacina\u00e7\u00e3o por parte dos pais, \u00e9 apontada como a principal causa do aumento do surto. Clique no \u00e1udio abaixo e saiba mais com o jornalista Isaac Bonga:<\/p>\n\t<div class=\"qtmplayer-playlist-large\">\n\t\t<ul class=\"qtmplayer-playlist\">\n\t\t\t\n\t\t\t\t\t<li class=\"qtmplayer-trackitem\">\n\t\t<img src=\"https:\/\/rna.ao\/rna.ao\/wp-content\/uploads\/2025\/09\/sarampo-no-Huamboo-100x100.jpg\" alt=\"cover\">\t\t<span \t\t\tdata-qtmplayer-cover=\"https:\/\/rna.ao\/rna.ao\/wp-content\/uploads\/2025\/09\/sarampo-no-Huamboo.jpg\"\n\t\t\t\t\t\tdata-qtmplayer-file=\"https:\/\/rna.ao\/rna.ao\/wp-content\/uploads\/2025\/09\/SURTO-SARAMPO-HUAMBO-07HRS.mp3\"\n\t\t\t\t\t\tdata-qtmplayer-title=\"Surto de sarampo no Huambo causa 47 mortes e mais de mil infectados\"\n\t\t\t\t\t\tdata-qtmplayer-artist=\"Ant\u00f3nio Augusto\"\n\t\t\t\t\t\tdata-qtmplayer-link=\"https:\/\/rna.ao\/rna.ao\/2025\/09\/17\/surto-de-sarampo-no-huambo-causa-47-mortes-e-mais-de-mil-infectados\/\"\n\t\t\t\t\t\tdata-qtmplayer-icon=\"file_download\"\n\t\t\t\t\t\tdata-qtmplayer-type=\"track\"\n\t\t\t class=\"qtmplayer-play qtmplayer-link-sec qtmplayer-play-btn\"><i class='material-icons'>play_arrow<\/i><\/span>\n\t\t<p>\n\t\t\t<span class=\"qtmplayer-tit\">Surto de sarampo no Huambo causa 47 mortes e mais de mil infectados<\/span>\n\t\t\t<span class=\"qtmplayer-art\">Ant\u00f3nio Augusto<\/span>\n\t\t<\/p>\n\t<\/li>\n\t\t<\/ul>\n\t<\/div>\t\t\t\n\t\n","protected":false},"excerpt":{"rendered":"<p>A prov\u00edncia do Huambo, registou de janeiro at\u00e9 a presente data, mais de mil casos de sarampo em crian\u00e7as, dos quais, quarenta e sete resultaram em mortes. A falta de observ\u00e2ncia do calend\u00e1rio infantil de vacina\u00e7\u00e3o por parte dos pais, \u00e9 apontada como a principal causa do aumento do surto. ...<\/p>\n","protected":false},"author":23,"featured_media":192299,"comment_status":"closed","ping_status":"closed","sticky":false,"template":"","format":"standard","meta":[],"categories":[142,121,164,163],"tags":[],"_links":{"self":[{"href":"https:\/\/rna.ao\/rna.ao\/wp-json\/wp\/v2\/posts\/192295"}],"collection":[{"href":"https:\/\/rna.ao\/rna.ao\/wp-json\/wp\/v2\/posts"}],"about":[{"href":"https:\/\/rna.ao\/rna.ao\/wp-json\/wp\/v2\/types\/post"}],"author":[{"embeddable":true,"href":"https:\/\/rna.ao\/rna.ao\/wp-json\/wp\/v2\/users\/23"}],"replies":[{"embeddable":true,"href":"https:\/\/rna.ao\/rna.ao\/wp-json\/wp\/v2\/comments?post=192295"}],"version-history":[{"count":1,"href":"https:\/\/rna.ao\/rna.ao\/wp-json\/wp\/v2\/posts\/192295\/revisions"}],"predecessor-version":[{"id":192300,"href":"https:\/\/rna.ao\/rna.ao\/wp-json\/wp\/v2\/posts\/192295\/revisions\/192300"}],"wp:featuredmedia":[{"embeddable":true,"href":"https:\/\/rna.ao\/rna.ao\/wp-json\/wp\/v2\/media\/192299"}],"wp:attachment":[{"href":"https:\/\/rna.ao\/rna.ao\/wp-json\/wp\/v2\/media?parent=192295"}],"wp:term":[{"taxonomy":"category","embeddable":true,"href":"https:\/\/rna.ao\/rna.ao\/wp-json\/wp\/v2\/categories?post=192295"},{"taxonomy":"post_tag","embeddable":true,"href":"https:\/\/rna.ao\/rna.ao\/wp-json\/wp\/v2\/tags?post=192295"}],"curies":[{"name":"wp","href":"https:\/\/api.w.org\/{rel}","templated":true}]}}