{"id":192292,"date":"2025-09-17T09:41:49","date_gmt":"2025-09-17T08:41:49","guid":{"rendered":"https:\/\/rna.ao\/rna.ao\/?p=192292"},"modified":"2025-09-17T09:41:49","modified_gmt":"2025-09-17T08:41:49","slug":"bie-vai-contar-com-dois-novos-silos-agricola-com-capacidade-de-100-mil-toneladas-de-cereais","status":"publish","type":"post","link":"https:\/\/rna.ao\/rna.ao\/2025\/09\/17\/bie-vai-contar-com-dois-novos-silos-agricola-com-capacidade-de-100-mil-toneladas-de-cereais\/","title":{"rendered":"Bi\u00e9 vai contar com dois novos silos agr\u00edcola com  capacidade de 100 mil toneladas de cereais"},"content":{"rendered":"<p><img loading=\"lazy\" class=\"size-full wp-image-192293 aligncenter\" src=\"https:\/\/rna.ao\/rna.ao\/wp-content\/uploads\/2025\/09\/silos-agricola.jpg\" alt=\"\" width=\"275\" height=\"183\" \/>A prov\u00edncia do Bi\u00e9, vai contar dois novos silos agr\u00edcola com vista a alavancar a produ\u00e7\u00e3o nacional naquela regi\u00e3o do pa\u00eds. Com a capacidade de 100 mil toneladas de cereais cada, os silos ser\u00e3o constru\u00eddos nos munic\u00edpios de Camacupa e Cunhinga. Ou\u00e7a no \u00e1udio abaixo toda informa\u00e7\u00e3o com a reportagem da Cec\u00edlia dos Santos:<\/p>\n","protected":false},"excerpt":{"rendered":"<p>A prov\u00edncia do Bi\u00e9, vai contar dois novos silos agr\u00edcola com vista a alavancar a produ\u00e7\u00e3o nacional naquela regi\u00e3o do pa\u00eds. Com a capacidade de 100 mil toneladas de cereais cada, os silos ser\u00e3o constru\u00eddos nos munic\u00edpios de Camacupa e Cunhinga. Ou\u00e7a no \u00e1udio abaixo toda informa\u00e7\u00e3o com a reportagem ...<\/p>\n","protected":false},"author":23,"featured_media":192293,"comment_status":"closed","ping_status":"closed","sticky":false,"template":"","format":"standard","meta":[],"categories":[142,121,164,163],"tags":[],"_links":{"self":[{"href":"https:\/\/rna.ao\/rna.ao\/wp-json\/wp\/v2\/posts\/192292"}],"collection":[{"href":"https:\/\/rna.ao\/rna.ao\/wp-json\/wp\/v2\/posts"}],"about":[{"href":"https:\/\/rna.ao\/rna.ao\/wp-json\/wp\/v2\/types\/post"}],"author":[{"embeddable":true,"href":"https:\/\/rna.ao\/rna.ao\/wp-json\/wp\/v2\/users\/23"}],"replies":[{"embeddable":true,"href":"https:\/\/rna.ao\/rna.ao\/wp-json\/wp\/v2\/comments?post=192292"}],"version-history":[{"count":1,"href":"https:\/\/rna.ao\/rna.ao\/wp-json\/wp\/v2\/posts\/192292\/revisions"}],"predecessor-version":[{"id":192294,"href":"https:\/\/rna.ao\/rna.ao\/wp-json\/wp\/v2\/posts\/192292\/revisions\/192294"}],"wp:featuredmedia":[{"embeddable":true,"href":"https:\/\/rna.ao\/rna.ao\/wp-json\/wp\/v2\/media\/192293"}],"wp:attachment":[{"href":"https:\/\/rna.ao\/rna.ao\/wp-json\/wp\/v2\/media?parent=192292"}],"wp:term":[{"taxonomy":"category","embeddable":true,"href":"https:\/\/rna.ao\/rna.ao\/wp-json\/wp\/v2\/categories?post=192292"},{"taxonomy":"post_tag","embeddable":true,"href":"https:\/\/rna.ao\/rna.ao\/wp-json\/wp\/v2\/tags?post=192292"}],"curies":[{"name":"wp","href":"https:\/\/api.w.org\/{rel}","templated":true}]}}