{"id":191483,"date":"2025-09-08T13:56:52","date_gmt":"2025-09-08T12:56:52","guid":{"rendered":"https:\/\/rna.ao\/rna.ao\/?p=191483"},"modified":"2025-09-08T13:56:52","modified_gmt":"2025-09-08T12:56:52","slug":"caso-exalgina-gamboa-acordao-do-tribunal-constitucional-extingue-medida-cautelar-contra-a-antiga-juiza-conselheira-do-tribunal-de-contas","status":"publish","type":"post","link":"https:\/\/rna.ao\/rna.ao\/2025\/09\/08\/caso-exalgina-gamboa-acordao-do-tribunal-constitucional-extingue-medida-cautelar-contra-a-antiga-juiza-conselheira-do-tribunal-de-contas\/","title":{"rendered":"Caso Exalgina Gamboa: Ac\u00f3rd\u00e3o do Tribunal Constitucional extingue medida cautelar contra a Antiga Ju\u00edza Conselheira do Tribunal de Contas"},"content":{"rendered":"<p><img loading=\"lazy\" class=\"wp-image-191485 alignleft\" src=\"https:\/\/rna.ao\/rna.ao\/wp-content\/uploads\/2025\/09\/Exalgina-Gamboa-770x770.jpg\" alt=\"\" width=\"258\" height=\"258\" srcset=\"https:\/\/rna.ao\/rna.ao\/wp-content\/uploads\/2025\/09\/Exalgina-Gamboa-770x770.jpg 770w, https:\/\/rna.ao\/rna.ao\/wp-content\/uploads\/2025\/09\/Exalgina-Gamboa-150x150.jpg 150w, https:\/\/rna.ao\/rna.ao\/wp-content\/uploads\/2025\/09\/Exalgina-Gamboa-768x767.jpg 768w, https:\/\/rna.ao\/rna.ao\/wp-content\/uploads\/2025\/09\/Exalgina-Gamboa-100x100.jpg 100w, https:\/\/rna.ao\/rna.ao\/wp-content\/uploads\/2025\/09\/Exalgina-Gamboa-370x370.jpg 370w, https:\/\/rna.ao\/rna.ao\/wp-content\/uploads\/2025\/09\/Exalgina-Gamboa.jpg 900w\" sizes=\"(max-width: 258px) 100vw, 258px\" \/>Especialista, avan\u00e7a que o Tribunal Supremo, est\u00e1 obrigado a acatar decis\u00e3o do Tribunal Constitucional que extingue medidas de coa\u00e7\u00e3o impostas contra Exalgina Gamboa. Nilton Capalo, avan\u00e7a que a medida, vai evitar que se repita uma crise institucional como aconteceu no passado, quando o Tribunal Supremo se recusou a acatar posi\u00e7\u00f5es do Tribunal constitucional.<\/p>\n<p>Por ordem do Constitucional a antiga presidente do Tribunal de Contas, vai responder em liberdade pelos crimes de que vem sendo investigada. Clique no \u00e1udio abaixo e ou\u00e7a a reportagem da Sany Fuche:<\/p>\n\t<div class=\"qtmplayer-playlist-large\">\n\t\t<ul class=\"qtmplayer-playlist\">\n\t\t\t\n\t\t\t\t\t<li class=\"qtmplayer-trackitem\">\n\t\t<img src=\"https:\/\/rna.ao\/rna.ao\/wp-content\/uploads\/2025\/09\/Exalgina-Gamboa-100x100.jpg\" alt=\"cover\">\t\t<span \t\t\tdata-qtmplayer-cover=\"https:\/\/rna.ao\/rna.ao\/wp-content\/uploads\/2025\/09\/Exalgina-Gamboa-370x370.jpg\"\n\t\t\t\t\t\tdata-qtmplayer-file=\"https:\/\/rna.ao\/rna.ao\/wp-content\/uploads\/2025\/09\/SANY-FUCHE-13HRS.mp3\"\n\t\t\t\t\t\tdata-qtmplayer-title=\"Caso Exalgina Gamboa: Ac\u00f3rd\u00e3o do Tribunal Constitucional extingue medida cautelar contra a Antiga Ju\u00edza Conselheira do Tribunal de Contas\"\n\t\t\t\t\t\tdata-qtmplayer-artist=\"Ant\u00f3nio Augusto\"\n\t\t\t\t\t\tdata-qtmplayer-link=\"https:\/\/rna.ao\/rna.ao\/2025\/09\/08\/caso-exalgina-gamboa-acordao-do-tribunal-constitucional-extingue-medida-cautelar-contra-a-antiga-juiza-conselheira-do-tribunal-de-contas\/\"\n\t\t\t\t\t\tdata-qtmplayer-icon=\"file_download\"\n\t\t\t\t\t\tdata-qtmplayer-type=\"track\"\n\t\t\t class=\"qtmplayer-play qtmplayer-link-sec qtmplayer-play-btn\"><i class='material-icons'>play_arrow<\/i><\/span>\n\t\t<p>\n\t\t\t<span class=\"qtmplayer-tit\">Caso Exalgina Gamboa: Ac\u00f3rd\u00e3o do Tribunal Constitucional extingue medida cautelar contra a Antiga Ju\u00edza Conselheira do Tribunal de Contas<\/span>\n\t\t\t<span class=\"qtmplayer-art\">Ant\u00f3nio Augusto<\/span>\n\t\t<\/p>\n\t<\/li>\n\t\t<\/ul>\n\t<\/div>\t\t\t\n\t\n","protected":false},"excerpt":{"rendered":"<p>Especialista, avan\u00e7a que o Tribunal Supremo, est\u00e1 obrigado a acatar decis\u00e3o do Tribunal Constitucional que extingue medidas de coa\u00e7\u00e3o impostas contra Exalgina Gamboa. Nilton Capalo, avan\u00e7a que a medida, vai evitar que se repita uma crise institucional como aconteceu no passado, quando o Tribunal Supremo se recusou a acatar posi\u00e7\u00f5es ...<\/p>\n","protected":false},"author":23,"featured_media":191485,"comment_status":"closed","ping_status":"closed","sticky":false,"template":"","format":"standard","meta":[],"categories":[142,121,163],"tags":[],"_links":{"self":[{"href":"https:\/\/rna.ao\/rna.ao\/wp-json\/wp\/v2\/posts\/191483"}],"collection":[{"href":"https:\/\/rna.ao\/rna.ao\/wp-json\/wp\/v2\/posts"}],"about":[{"href":"https:\/\/rna.ao\/rna.ao\/wp-json\/wp\/v2\/types\/post"}],"author":[{"embeddable":true,"href":"https:\/\/rna.ao\/rna.ao\/wp-json\/wp\/v2\/users\/23"}],"replies":[{"embeddable":true,"href":"https:\/\/rna.ao\/rna.ao\/wp-json\/wp\/v2\/comments?post=191483"}],"version-history":[{"count":1,"href":"https:\/\/rna.ao\/rna.ao\/wp-json\/wp\/v2\/posts\/191483\/revisions"}],"predecessor-version":[{"id":191486,"href":"https:\/\/rna.ao\/rna.ao\/wp-json\/wp\/v2\/posts\/191483\/revisions\/191486"}],"wp:featuredmedia":[{"embeddable":true,"href":"https:\/\/rna.ao\/rna.ao\/wp-json\/wp\/v2\/media\/191485"}],"wp:attachment":[{"href":"https:\/\/rna.ao\/rna.ao\/wp-json\/wp\/v2\/media?parent=191483"}],"wp:term":[{"taxonomy":"category","embeddable":true,"href":"https:\/\/rna.ao\/rna.ao\/wp-json\/wp\/v2\/categories?post=191483"},{"taxonomy":"post_tag","embeddable":true,"href":"https:\/\/rna.ao\/rna.ao\/wp-json\/wp\/v2\/tags?post=191483"}],"curies":[{"name":"wp","href":"https:\/\/api.w.org\/{rel}","templated":true}]}}