{"id":191473,"date":"2025-09-08T13:44:18","date_gmt":"2025-09-08T12:44:18","guid":{"rendered":"https:\/\/rna.ao\/rna.ao\/?p=191473"},"modified":"2025-09-08T13:44:18","modified_gmt":"2025-09-08T12:44:18","slug":"dados-do-med-revelam-que-taxa-de-analfabetismo-em-angola-desceu-de-85-para-24","status":"publish","type":"post","link":"https:\/\/rna.ao\/rna.ao\/2025\/09\/08\/dados-do-med-revelam-que-taxa-de-analfabetismo-em-angola-desceu-de-85-para-24\/","title":{"rendered":"Dados do MED revelam que taxa de analfabetismo em Angola desceu de 85 para 24%"},"content":{"rendered":"<p style=\"text-align: justify;\"><span style=\"font-size: 14.0pt; font-family: 'Tahoma',sans-serif;\"><img loading=\"lazy\" class=\"size-full wp-image-115756 aligncenter\" src=\"https:\/\/rna.ao\/rna.ao\/wp-content\/uploads\/2023\/09\/alfabetizao.jpg\" alt=\"\" width=\"319\" height=\"183\" \/>O Programa Nacional de Alfabetiza\u00e7\u00e3o em Angola, apresenta bons indicadores segundo dados do Minist\u00e9rio da Educa\u00e7\u00e3o. O MED, mostram que a taxa de analfabetismo no pa\u00eds reduziu-se de 85 para 24 por cento nos \u00faltimos anos, resultado de diversas iniciativas implementadas no \u00e2mbito do Plano de Ac\u00e7\u00e3o para a Intensifica\u00e7\u00e3o da Alfabetiza\u00e7\u00e3o e da Educa\u00e7\u00e3o de Jovens e Adultos. Estas ac\u00e7\u00f5es integram o Plano de Desenvolvimento Nacional 2023-2027 e incluem a forma\u00e7\u00e3o de alfabetizadores.<\/span><\/p>\n<p>&nbsp;<\/p>\n<p>Mat\u00e9ria por desenvolver&#8230;<\/p>\n","protected":false},"excerpt":{"rendered":"<p>O Programa Nacional de Alfabetiza\u00e7\u00e3o em Angola, apresenta bons indicadores segundo dados do Minist\u00e9rio da Educa\u00e7\u00e3o. O MED, mostram que a taxa de analfabetismo no pa\u00eds reduziu-se de 85 para 24 por cento nos \u00faltimos anos, resultado de diversas iniciativas implementadas no \u00e2mbito do Plano de Ac\u00e7\u00e3o para a Intensifica\u00e7\u00e3o ...<\/p>\n","protected":false},"author":23,"featured_media":115945,"comment_status":"closed","ping_status":"closed","sticky":false,"template":"","format":"standard","meta":[],"categories":[142,121,163],"tags":[],"_links":{"self":[{"href":"https:\/\/rna.ao\/rna.ao\/wp-json\/wp\/v2\/posts\/191473"}],"collection":[{"href":"https:\/\/rna.ao\/rna.ao\/wp-json\/wp\/v2\/posts"}],"about":[{"href":"https:\/\/rna.ao\/rna.ao\/wp-json\/wp\/v2\/types\/post"}],"author":[{"embeddable":true,"href":"https:\/\/rna.ao\/rna.ao\/wp-json\/wp\/v2\/users\/23"}],"replies":[{"embeddable":true,"href":"https:\/\/rna.ao\/rna.ao\/wp-json\/wp\/v2\/comments?post=191473"}],"version-history":[{"count":1,"href":"https:\/\/rna.ao\/rna.ao\/wp-json\/wp\/v2\/posts\/191473\/revisions"}],"predecessor-version":[{"id":191482,"href":"https:\/\/rna.ao\/rna.ao\/wp-json\/wp\/v2\/posts\/191473\/revisions\/191482"}],"wp:featuredmedia":[{"embeddable":true,"href":"https:\/\/rna.ao\/rna.ao\/wp-json\/wp\/v2\/media\/115945"}],"wp:attachment":[{"href":"https:\/\/rna.ao\/rna.ao\/wp-json\/wp\/v2\/media?parent=191473"}],"wp:term":[{"taxonomy":"category","embeddable":true,"href":"https:\/\/rna.ao\/rna.ao\/wp-json\/wp\/v2\/categories?post=191473"},{"taxonomy":"post_tag","embeddable":true,"href":"https:\/\/rna.ao\/rna.ao\/wp-json\/wp\/v2\/tags?post=191473"}],"curies":[{"name":"wp","href":"https:\/\/api.w.org\/{rel}","templated":true}]}}