{"id":191465,"date":"2025-09-08T13:33:30","date_gmt":"2025-09-08T12:33:30","guid":{"rendered":"https:\/\/rna.ao\/rna.ao\/?p=191465"},"modified":"2025-09-08T13:33:30","modified_gmt":"2025-09-08T12:33:30","slug":"lunda-sul-mais-de-30-mil-habitantes-da-sede-municipal-do-cacolo-vao-beneficiar-de-agua-potavel-com-a-entrada-em-funcionamento-do-novo-sistema-de-abastecimento","status":"publish","type":"post","link":"https:\/\/rna.ao\/rna.ao\/2025\/09\/08\/lunda-sul-mais-de-30-mil-habitantes-da-sede-municipal-do-cacolo-vao-beneficiar-de-agua-potavel-com-a-entrada-em-funcionamento-do-novo-sistema-de-abastecimento\/","title":{"rendered":"Lunda-Sul: Mais de 30 mil habitantes da sede municipal do Cacolo  v\u00e3o beneficiar de \u00e1gua pot\u00e1vel com a entrada em funcionamento do  novo sistema de abastecimento"},"content":{"rendered":"<p><img loading=\"lazy\" class=\"size-full wp-image-131049 aligncenter\" src=\"https:\/\/rna.ao\/rna.ao\/wp-content\/uploads\/2024\/02\/construcao-dos-sistemas-de-captacao-tratamento-e-distribuicao-de-agua.jpg\" alt=\"\" width=\"372\" height=\"213\" srcset=\"https:\/\/rna.ao\/rna.ao\/wp-content\/uploads\/2024\/02\/construcao-dos-sistemas-de-captacao-tratamento-e-distribuicao-de-agua.jpg 372w, https:\/\/rna.ao\/rna.ao\/wp-content\/uploads\/2024\/02\/construcao-dos-sistemas-de-captacao-tratamento-e-distribuicao-de-agua-370x213.jpg 370w\" sizes=\"(max-width: 372px) 100vw, 372px\" \/>At\u00e9 final deste m\u00eas entra em funcionamento o novo sistema de abastecimento de \u00e1gua pot\u00e1vel da sede municipal do Cacolo, na Prov\u00edncia da Lunda-Sul. O governo local, investiu mais de cinco milh\u00f5es de d\u00f3lares na constru\u00e7\u00e3o do empreendimento que vai beneficiar mais de 30 mil habitantes. Clique no \u00e1udio abaixo e ou\u00e7a a reportagem do Hort\u00eansio Michel:<\/p>\n\t<div class=\"qtmplayer-playlist-large\">\n\t\t<ul class=\"qtmplayer-playlist\">\n\t\t\t\n\t\t\t\t\t<li class=\"qtmplayer-trackitem\">\n\t\t<img src=\"https:\/\/rna.ao\/rna.ao\/wp-content\/uploads\/2024\/02\/construcao-dos-sistemas-de-captacao-tratamento-e-distribuicao-de-agua-100x100.jpg\" alt=\"cover\">\t\t<span \t\t\tdata-qtmplayer-cover=\"https:\/\/rna.ao\/rna.ao\/wp-content\/uploads\/2024\/02\/construcao-dos-sistemas-de-captacao-tratamento-e-distribuicao-de-agua.jpg\"\n\t\t\t\t\t\tdata-qtmplayer-file=\"https:\/\/rna.ao\/rna.ao\/wp-content\/uploads\/2025\/09\/LUNDA-SUL-AGUAS-13HRS.mp3\"\n\t\t\t\t\t\tdata-qtmplayer-title=\"Lunda-Sul: Mais de 30 mil habitantes da sede municipal do Cacolo  v\u00e3o beneficiar de \u00e1gua pot\u00e1vel com a entrada em funcionamento do  novo sistema de abastecimento\"\n\t\t\t\t\t\tdata-qtmplayer-artist=\"Ant\u00f3nio Augusto\"\n\t\t\t\t\t\tdata-qtmplayer-link=\"https:\/\/rna.ao\/rna.ao\/2025\/09\/08\/lunda-sul-mais-de-30-mil-habitantes-da-sede-municipal-do-cacolo-vao-beneficiar-de-agua-potavel-com-a-entrada-em-funcionamento-do-novo-sistema-de-abastecimento\/\"\n\t\t\t\t\t\tdata-qtmplayer-icon=\"file_download\"\n\t\t\t\t\t\tdata-qtmplayer-type=\"track\"\n\t\t\t class=\"qtmplayer-play qtmplayer-link-sec qtmplayer-play-btn\"><i class='material-icons'>play_arrow<\/i><\/span>\n\t\t<p>\n\t\t\t<span class=\"qtmplayer-tit\">Lunda-Sul: Mais de 30 mil habitantes da sede municipal do Cacolo  v\u00e3o beneficiar de \u00e1gua pot\u00e1vel com a entrada em funcionamento do  novo sistema de abastecimento<\/span>\n\t\t\t<span class=\"qtmplayer-art\">Ant\u00f3nio Augusto<\/span>\n\t\t<\/p>\n\t<\/li>\n\t\t<\/ul>\n\t<\/div>\t\t\t\n\t\n","protected":false},"excerpt":{"rendered":"<p>At\u00e9 final deste m\u00eas entra em funcionamento o novo sistema de abastecimento de \u00e1gua pot\u00e1vel da sede municipal do Cacolo, na Prov\u00edncia da Lunda-Sul. O governo local, investiu mais de cinco milh\u00f5es de d\u00f3lares na constru\u00e7\u00e3o do empreendimento que vai beneficiar mais de 30 mil habitantes. Clique no \u00e1udio abaixo ...<\/p>\n","protected":false},"author":23,"featured_media":131049,"comment_status":"closed","ping_status":"closed","sticky":false,"template":"","format":"standard","meta":[],"categories":[142,121,163],"tags":[],"_links":{"self":[{"href":"https:\/\/rna.ao\/rna.ao\/wp-json\/wp\/v2\/posts\/191465"}],"collection":[{"href":"https:\/\/rna.ao\/rna.ao\/wp-json\/wp\/v2\/posts"}],"about":[{"href":"https:\/\/rna.ao\/rna.ao\/wp-json\/wp\/v2\/types\/post"}],"author":[{"embeddable":true,"href":"https:\/\/rna.ao\/rna.ao\/wp-json\/wp\/v2\/users\/23"}],"replies":[{"embeddable":true,"href":"https:\/\/rna.ao\/rna.ao\/wp-json\/wp\/v2\/comments?post=191465"}],"version-history":[{"count":1,"href":"https:\/\/rna.ao\/rna.ao\/wp-json\/wp\/v2\/posts\/191465\/revisions"}],"predecessor-version":[{"id":191467,"href":"https:\/\/rna.ao\/rna.ao\/wp-json\/wp\/v2\/posts\/191465\/revisions\/191467"}],"wp:featuredmedia":[{"embeddable":true,"href":"https:\/\/rna.ao\/rna.ao\/wp-json\/wp\/v2\/media\/131049"}],"wp:attachment":[{"href":"https:\/\/rna.ao\/rna.ao\/wp-json\/wp\/v2\/media?parent=191465"}],"wp:term":[{"taxonomy":"category","embeddable":true,"href":"https:\/\/rna.ao\/rna.ao\/wp-json\/wp\/v2\/categories?post=191465"},{"taxonomy":"post_tag","embeddable":true,"href":"https:\/\/rna.ao\/rna.ao\/wp-json\/wp\/v2\/tags?post=191465"}],"curies":[{"name":"wp","href":"https:\/\/api.w.org\/{rel}","templated":true}]}}