{"id":191453,"date":"2025-09-08T13:22:30","date_gmt":"2025-09-08T12:22:30","guid":{"rendered":"https:\/\/rna.ao\/rna.ao\/?p=191453"},"modified":"2025-09-08T13:22:30","modified_gmt":"2025-09-08T12:22:30","slug":"empresarios-do-namibe-preocupado-com-o-excesso-de-burocracia-no-acesso-ao-credito","status":"publish","type":"post","link":"https:\/\/rna.ao\/rna.ao\/2025\/09\/08\/empresarios-do-namibe-preocupado-com-o-excesso-de-burocracia-no-acesso-ao-credito\/","title":{"rendered":"Empres\u00e1rios do Namibe preocupado com o excesso de burocracia no acesso ao cr\u00e9dito"},"content":{"rendered":"<p><img loading=\"lazy\" class=\"size-full wp-image-191456 aligncenter\" src=\"https:\/\/rna.ao\/rna.ao\/wp-content\/uploads\/2025\/09\/jose-de-lima-massano-e-archer-mangueira.jpg\" alt=\"\" width=\"384\" height=\"257\" \/>O excesso de burocracia no acesso ao cr\u00e9dito, mau estado das vias de acesso ao campo de produ\u00e7\u00e3o, est\u00e3o a dificultar a actividade dos empres\u00e1rios da prov\u00edncia do Namibe. Estas dificuldades, foram apresentadas ao Ministro de Estado para Coordena\u00e7\u00e3o Econ\u00f3mica, Jos\u00e9 de Lima Massano durante o encontro mantido com a classe empresarial do Namibe. Clique no \u00e1udio abaixo e ou\u00e7a a reportagem do Edson Henriques:<\/p>\n\t<div class=\"qtmplayer-playlist-large\">\n\t\t<ul class=\"qtmplayer-playlist\">\n\t\t\t\n\t\t\t\t\t<li class=\"qtmplayer-trackitem\">\n\t\t<img src=\"https:\/\/rna.ao\/rna.ao\/wp-content\/uploads\/2025\/09\/jose-de-lima-massano-e-archer-mangueira-100x100.jpg\" alt=\"cover\">\t\t<span \t\t\tdata-qtmplayer-cover=\"https:\/\/rna.ao\/rna.ao\/wp-content\/uploads\/2025\/09\/jose-de-lima-massano-e-archer-mangueira.jpg\"\n\t\t\t\t\t\tdata-qtmplayer-file=\"https:\/\/rna.ao\/rna.ao\/wp-content\/uploads\/2025\/09\/NAMIBE-EMPRESARIOS-13HRS.mp3\"\n\t\t\t\t\t\tdata-qtmplayer-title=\"Empres\u00e1rios do Namibe preocupado com o excesso de burocracia no acesso ao cr\u00e9dito\"\n\t\t\t\t\t\tdata-qtmplayer-artist=\"Ant\u00f3nio Augusto\"\n\t\t\t\t\t\tdata-qtmplayer-link=\"https:\/\/rna.ao\/rna.ao\/2025\/09\/08\/empresarios-do-namibe-preocupado-com-o-excesso-de-burocracia-no-acesso-ao-credito\/\"\n\t\t\t\t\t\tdata-qtmplayer-icon=\"file_download\"\n\t\t\t\t\t\tdata-qtmplayer-type=\"track\"\n\t\t\t class=\"qtmplayer-play qtmplayer-link-sec qtmplayer-play-btn\"><i class='material-icons'>play_arrow<\/i><\/span>\n\t\t<p>\n\t\t\t<span class=\"qtmplayer-tit\">Empres\u00e1rios do Namibe preocupado com o excesso de burocracia no acesso ao cr\u00e9dito<\/span>\n\t\t\t<span class=\"qtmplayer-art\">Ant\u00f3nio Augusto<\/span>\n\t\t<\/p>\n\t<\/li>\n\t\t<\/ul>\n\t<\/div>\t\t\t\n\t\n","protected":false},"excerpt":{"rendered":"<p>O excesso de burocracia no acesso ao cr\u00e9dito, mau estado das vias de acesso ao campo de produ\u00e7\u00e3o, est\u00e3o a dificultar a actividade dos empres\u00e1rios da prov\u00edncia do Namibe. Estas dificuldades, foram apresentadas ao Ministro de Estado para Coordena\u00e7\u00e3o Econ\u00f3mica, Jos\u00e9 de Lima Massano durante o encontro mantido com a ...<\/p>\n","protected":false},"author":23,"featured_media":191456,"comment_status":"closed","ping_status":"closed","sticky":false,"template":"","format":"standard","meta":[],"categories":[142,121,163],"tags":[],"_links":{"self":[{"href":"https:\/\/rna.ao\/rna.ao\/wp-json\/wp\/v2\/posts\/191453"}],"collection":[{"href":"https:\/\/rna.ao\/rna.ao\/wp-json\/wp\/v2\/posts"}],"about":[{"href":"https:\/\/rna.ao\/rna.ao\/wp-json\/wp\/v2\/types\/post"}],"author":[{"embeddable":true,"href":"https:\/\/rna.ao\/rna.ao\/wp-json\/wp\/v2\/users\/23"}],"replies":[{"embeddable":true,"href":"https:\/\/rna.ao\/rna.ao\/wp-json\/wp\/v2\/comments?post=191453"}],"version-history":[{"count":2,"href":"https:\/\/rna.ao\/rna.ao\/wp-json\/wp\/v2\/posts\/191453\/revisions"}],"predecessor-version":[{"id":191458,"href":"https:\/\/rna.ao\/rna.ao\/wp-json\/wp\/v2\/posts\/191453\/revisions\/191458"}],"wp:featuredmedia":[{"embeddable":true,"href":"https:\/\/rna.ao\/rna.ao\/wp-json\/wp\/v2\/media\/191456"}],"wp:attachment":[{"href":"https:\/\/rna.ao\/rna.ao\/wp-json\/wp\/v2\/media?parent=191453"}],"wp:term":[{"taxonomy":"category","embeddable":true,"href":"https:\/\/rna.ao\/rna.ao\/wp-json\/wp\/v2\/categories?post=191453"},{"taxonomy":"post_tag","embeddable":true,"href":"https:\/\/rna.ao\/rna.ao\/wp-json\/wp\/v2\/tags?post=191453"}],"curies":[{"name":"wp","href":"https:\/\/api.w.org\/{rel}","templated":true}]}}