{"id":190412,"date":"2025-08-28T11:11:54","date_gmt":"2025-08-28T10:11:54","guid":{"rendered":"https:\/\/rna.ao\/rna.ao\/?p=190412"},"modified":"2025-08-28T11:11:54","modified_gmt":"2025-08-28T10:11:54","slug":"instituicoes-financeiras-defendem-capacitacao-em-inclusao-financeira-de-jovens-beneficiarios-de-credito","status":"publish","type":"post","link":"https:\/\/rna.ao\/rna.ao\/2025\/08\/28\/instituicoes-financeiras-defendem-capacitacao-em-inclusao-financeira-de-jovens-beneficiarios-de-credito\/","title":{"rendered":"Institui\u00e7\u00f5es financeiras defendem capacita\u00e7\u00e3o em inclus\u00e3o financeira de jovens benefici\u00e1rios de cr\u00e9dito"},"content":{"rendered":"<p><img loading=\"lazy\" class=\"wp-image-129396 alignleft\" src=\"https:\/\/rna.ao\/rna.ao\/wp-content\/uploads\/2024\/01\/formacao-770x513.jpg\" alt=\"\" width=\"318\" height=\"212\" srcset=\"https:\/\/rna.ao\/rna.ao\/wp-content\/uploads\/2024\/01\/formacao-770x513.jpg 770w, https:\/\/rna.ao\/rna.ao\/wp-content\/uploads\/2024\/01\/formacao-1170x780.jpg 1170w, https:\/\/rna.ao\/rna.ao\/wp-content\/uploads\/2024\/01\/formacao-768x512.jpg 768w, https:\/\/rna.ao\/rna.ao\/wp-content\/uploads\/2024\/01\/formacao-1536x1023.jpg 1536w, https:\/\/rna.ao\/rna.ao\/wp-content\/uploads\/2024\/01\/formacao.jpg 1600w\" sizes=\"(max-width: 318px) 100vw, 318px\" \/>O programa JOB Angola, chegou \u00e0 Prov\u00edncia Bengo e beneficia 190 jovens daquela prov\u00edncia. Durante a cerimonia de lan\u00e7amento, que aconteceu nesta quarta-feira, foram entregues kits para a promo\u00e7\u00e3o do auto-emprego e microcr\u00e9ditos. Clique no \u00e1udio abaixo e ou\u00e7a a reportagem do Agner dos Santos Elvas:<\/p>\n\t<div class=\"qtmplayer-playlist-large\">\n\t\t<ul class=\"qtmplayer-playlist\">\n\t\t\t\n\t\t\t\t\t<li class=\"qtmplayer-trackitem\">\n\t\t<img src=\"https:\/\/rna.ao\/rna.ao\/wp-content\/uploads\/2024\/01\/formacao-100x100.jpg\" alt=\"cover\">\t\t<span \t\t\tdata-qtmplayer-cover=\"https:\/\/rna.ao\/rna.ao\/wp-content\/uploads\/2024\/01\/formacao-370x370.jpg\"\n\t\t\t\t\t\tdata-qtmplayer-file=\"https:\/\/rna.ao\/rna.ao\/wp-content\/uploads\/2025\/08\/BENGO-JOBE-ANGOLA-07HRS.mp3\"\n\t\t\t\t\t\tdata-qtmplayer-title=\"Institui\u00e7\u00f5es financeiras defendem capacita\u00e7\u00e3o em inclus\u00e3o financeira de jovens benefici\u00e1rios de cr\u00e9dito\"\n\t\t\t\t\t\tdata-qtmplayer-artist=\"Ant\u00f3nio Augusto\"\n\t\t\t\t\t\tdata-qtmplayer-link=\"https:\/\/rna.ao\/rna.ao\/2025\/08\/28\/instituicoes-financeiras-defendem-capacitacao-em-inclusao-financeira-de-jovens-beneficiarios-de-credito\/\"\n\t\t\t\t\t\tdata-qtmplayer-icon=\"file_download\"\n\t\t\t\t\t\tdata-qtmplayer-type=\"track\"\n\t\t\t class=\"qtmplayer-play qtmplayer-link-sec qtmplayer-play-btn\"><i class='material-icons'>play_arrow<\/i><\/span>\n\t\t<p>\n\t\t\t<span class=\"qtmplayer-tit\">Institui\u00e7\u00f5es financeiras defendem capacita\u00e7\u00e3o em inclus\u00e3o financeira de jovens benefici\u00e1rios de cr\u00e9dito<\/span>\n\t\t\t<span class=\"qtmplayer-art\">Ant\u00f3nio Augusto<\/span>\n\t\t<\/p>\n\t<\/li>\n\t\t<\/ul>\n\t<\/div>\t\t\t\n\t\n","protected":false},"excerpt":{"rendered":"<p>O programa JOB Angola, chegou \u00e0 Prov\u00edncia Bengo e beneficia 190 jovens daquela prov\u00edncia. Durante a cerimonia de lan\u00e7amento, que aconteceu nesta quarta-feira, foram entregues kits para a promo\u00e7\u00e3o do auto-emprego e microcr\u00e9ditos. Clique no \u00e1udio abaixo e ou\u00e7a a reportagem do Agner dos Santos Elvas:<\/p>\n","protected":false},"author":23,"featured_media":129396,"comment_status":"closed","ping_status":"closed","sticky":false,"template":"","format":"standard","meta":[],"categories":[142,121,163],"tags":[],"_links":{"self":[{"href":"https:\/\/rna.ao\/rna.ao\/wp-json\/wp\/v2\/posts\/190412"}],"collection":[{"href":"https:\/\/rna.ao\/rna.ao\/wp-json\/wp\/v2\/posts"}],"about":[{"href":"https:\/\/rna.ao\/rna.ao\/wp-json\/wp\/v2\/types\/post"}],"author":[{"embeddable":true,"href":"https:\/\/rna.ao\/rna.ao\/wp-json\/wp\/v2\/users\/23"}],"replies":[{"embeddable":true,"href":"https:\/\/rna.ao\/rna.ao\/wp-json\/wp\/v2\/comments?post=190412"}],"version-history":[{"count":1,"href":"https:\/\/rna.ao\/rna.ao\/wp-json\/wp\/v2\/posts\/190412\/revisions"}],"predecessor-version":[{"id":190414,"href":"https:\/\/rna.ao\/rna.ao\/wp-json\/wp\/v2\/posts\/190412\/revisions\/190414"}],"wp:featuredmedia":[{"embeddable":true,"href":"https:\/\/rna.ao\/rna.ao\/wp-json\/wp\/v2\/media\/129396"}],"wp:attachment":[{"href":"https:\/\/rna.ao\/rna.ao\/wp-json\/wp\/v2\/media?parent=190412"}],"wp:term":[{"taxonomy":"category","embeddable":true,"href":"https:\/\/rna.ao\/rna.ao\/wp-json\/wp\/v2\/categories?post=190412"},{"taxonomy":"post_tag","embeddable":true,"href":"https:\/\/rna.ao\/rna.ao\/wp-json\/wp\/v2\/tags?post=190412"}],"curies":[{"name":"wp","href":"https:\/\/api.w.org\/{rel}","templated":true}]}}