{"id":190385,"date":"2025-08-28T10:10:57","date_gmt":"2025-08-28T09:10:57","guid":{"rendered":"https:\/\/rna.ao\/rna.ao\/?p=190385"},"modified":"2025-08-28T10:10:57","modified_gmt":"2025-08-28T09:10:57","slug":"andebol-seleccao-traca-estrategia-para-mais-uma-empreitada-africana","status":"publish","type":"post","link":"https:\/\/rna.ao\/rna.ao\/2025\/08\/28\/andebol-seleccao-traca-estrategia-para-mais-uma-empreitada-africana\/","title":{"rendered":"Andebol: Selec\u00e7\u00e3o tra\u00e7a estrat\u00e9gia para mais uma empreitada africana"},"content":{"rendered":"<p style=\"font-weight: 400;\"><img loading=\"lazy\" class=\"size-full wp-image-115171 alignleft\" src=\"https:\/\/rna.ao\/rna.ao\/wp-content\/uploads\/2023\/09\/Jose-Terca-Chuma-selecionador-de-andebol.jpg\" alt=\"\" width=\"232\" height=\"331\" \/>Vinte jogadoras comp\u00f5em a lista de convocadas da selec\u00e7\u00e3o juvenil feminina Andebol, para o terceiro ciclo de prepara\u00e7\u00e3o que arrancou ontem e encerra no dia 10 de Setembro. No esbo\u00e7o,\u00a0 o campeonato Africano da\u00a0 \u00a0Arg\u00e9lia, Jos\u00e9 Ter\u00e7a Chuma, treinador da selec\u00e7\u00e3o, tra\u00e7a a estrat\u00e9gia para mais uma empreitada africana. Clique no \u00e1udio abaixo e ou\u00e7a:<\/p>\n\t<div class=\"qtmplayer-playlist-large\">\n\t\t<ul class=\"qtmplayer-playlist\">\n\t\t\t\n\t\t\t\t\t<li class=\"qtmplayer-trackitem\">\n\t\t<img src=\"https:\/\/rna.ao\/rna.ao\/wp-content\/uploads\/2023\/09\/andebol-cadetes-100x100.jpg\" alt=\"cover\">\t\t<span \t\t\tdata-qtmplayer-cover=\"https:\/\/rna.ao\/rna.ao\/wp-content\/uploads\/2023\/09\/andebol-cadetes.jpg\"\n\t\t\t\t\t\tdata-qtmplayer-file=\"https:\/\/rna.ao\/rna.ao\/wp-content\/uploads\/2025\/08\/P-J-2-JOSE-T-CHUMA-28-08-25.mp3\"\n\t\t\t\t\t\tdata-qtmplayer-title=\"Andebol: Selec\u00e7\u00e3o tra\u00e7a estrat\u00e9gia para mais uma empreitada africana\"\n\t\t\t\t\t\tdata-qtmplayer-artist=\"Ant\u00f3nio Augusto\"\n\t\t\t\t\t\tdata-qtmplayer-link=\"https:\/\/rna.ao\/rna.ao\/2025\/08\/28\/andebol-seleccao-traca-estrategia-para-mais-uma-empreitada-africana\/\"\n\t\t\t\t\t\tdata-qtmplayer-icon=\"file_download\"\n\t\t\t\t\t\tdata-qtmplayer-type=\"track\"\n\t\t\t class=\"qtmplayer-play qtmplayer-link-sec qtmplayer-play-btn\"><i class='material-icons'>play_arrow<\/i><\/span>\n\t\t<p>\n\t\t\t<span class=\"qtmplayer-tit\">Andebol: Selec\u00e7\u00e3o tra\u00e7a estrat\u00e9gia para mais uma empreitada africana<\/span>\n\t\t\t<span class=\"qtmplayer-art\">Ant\u00f3nio Augusto<\/span>\n\t\t<\/p>\n\t<\/li>\n\t\t<\/ul>\n\t<\/div>\t\t\t\n\t\n","protected":false},"excerpt":{"rendered":"<p>Vinte jogadoras comp\u00f5em a lista de convocadas da selec\u00e7\u00e3o juvenil feminina Andebol, para o terceiro ciclo de prepara\u00e7\u00e3o que arrancou ontem e encerra no dia 10 de Setembro. No esbo\u00e7o,\u00a0 o campeonato Africano da\u00a0 \u00a0Arg\u00e9lia, Jos\u00e9 Ter\u00e7a Chuma, treinador da selec\u00e7\u00e3o, tra\u00e7a a estrat\u00e9gia para mais uma empreitada africana. Clique ...<\/p>\n","protected":false},"author":23,"featured_media":116882,"comment_status":"closed","ping_status":"closed","sticky":false,"template":"","format":"standard","meta":[],"categories":[145,125,164],"tags":[],"_links":{"self":[{"href":"https:\/\/rna.ao\/rna.ao\/wp-json\/wp\/v2\/posts\/190385"}],"collection":[{"href":"https:\/\/rna.ao\/rna.ao\/wp-json\/wp\/v2\/posts"}],"about":[{"href":"https:\/\/rna.ao\/rna.ao\/wp-json\/wp\/v2\/types\/post"}],"author":[{"embeddable":true,"href":"https:\/\/rna.ao\/rna.ao\/wp-json\/wp\/v2\/users\/23"}],"replies":[{"embeddable":true,"href":"https:\/\/rna.ao\/rna.ao\/wp-json\/wp\/v2\/comments?post=190385"}],"version-history":[{"count":1,"href":"https:\/\/rna.ao\/rna.ao\/wp-json\/wp\/v2\/posts\/190385\/revisions"}],"predecessor-version":[{"id":190388,"href":"https:\/\/rna.ao\/rna.ao\/wp-json\/wp\/v2\/posts\/190385\/revisions\/190388"}],"wp:featuredmedia":[{"embeddable":true,"href":"https:\/\/rna.ao\/rna.ao\/wp-json\/wp\/v2\/media\/116882"}],"wp:attachment":[{"href":"https:\/\/rna.ao\/rna.ao\/wp-json\/wp\/v2\/media?parent=190385"}],"wp:term":[{"taxonomy":"category","embeddable":true,"href":"https:\/\/rna.ao\/rna.ao\/wp-json\/wp\/v2\/categories?post=190385"},{"taxonomy":"post_tag","embeddable":true,"href":"https:\/\/rna.ao\/rna.ao\/wp-json\/wp\/v2\/tags?post=190385"}],"curies":[{"name":"wp","href":"https:\/\/api.w.org\/{rel}","templated":true}]}}