{"id":190369,"date":"2025-08-28T09:02:06","date_gmt":"2025-08-28T08:02:06","guid":{"rendered":"https:\/\/rna.ao\/rna.ao\/?p=190369"},"modified":"2025-08-28T09:02:06","modified_gmt":"2025-08-28T08:02:06","slug":"matala-preve-colher-arroz-em-grande-escala-ate-dezembro","status":"publish","type":"post","link":"https:\/\/rna.ao\/rna.ao\/2025\/08\/28\/matala-preve-colher-arroz-em-grande-escala-ate-dezembro\/","title":{"rendered":"Matala prev\u00ea colher arroz em grande escala at\u00e9 Dezembro"},"content":{"rendered":"<p><img loading=\"lazy\" class=\"wp-image-113035 aligncenter\" src=\"https:\/\/rna.ao\/rna.ao\/wp-content\/uploads\/2023\/08\/producao-do-arroz.jpg\" alt=\"\" width=\"332\" height=\"187\" \/>O munic\u00edpio da Matala, na Hu\u00edla, prev\u00ea colher, at\u00e9 Dezembro deste ano, mais de sete mil toneladas de arroz segundo o administrador do munic\u00edpio, que anunciou tamb\u00e9m outros projectos no sector da energia. A iniciativa conta com o apoio de empresas privadas e produtores particulares. Clique no \u00e1udio abaixo e ou\u00e7a a reportagem do Andr\u00e9 Lobito:<\/p>\n\t<div class=\"qtmplayer-playlist-large\">\n\t\t<ul class=\"qtmplayer-playlist\">\n\t\t\t\n\t\t\t\t\t<li class=\"qtmplayer-trackitem\">\n\t\t<img src=\"https:\/\/rna.ao\/rna.ao\/wp-content\/uploads\/2023\/04\/arroz-cultivo-100x100.jpg\" alt=\"cover\">\t\t<span \t\t\tdata-qtmplayer-cover=\"https:\/\/rna.ao\/rna.ao\/wp-content\/uploads\/2023\/04\/arroz-cultivo.jpg\"\n\t\t\t\t\t\tdata-qtmplayer-file=\"https:\/\/rna.ao\/rna.ao\/wp-content\/uploads\/2025\/08\/HUILA-AGRICULTURA-20-HRS.mp3\"\n\t\t\t\t\t\tdata-qtmplayer-title=\"Matala prev\u00ea colher arroz em grande escala at\u00e9 Dezembro\"\n\t\t\t\t\t\tdata-qtmplayer-artist=\"Ant\u00f3nio Augusto\"\n\t\t\t\t\t\tdata-qtmplayer-link=\"https:\/\/rna.ao\/rna.ao\/2025\/08\/28\/matala-preve-colher-arroz-em-grande-escala-ate-dezembro\/\"\n\t\t\t\t\t\tdata-qtmplayer-icon=\"file_download\"\n\t\t\t\t\t\tdata-qtmplayer-type=\"track\"\n\t\t\t class=\"qtmplayer-play qtmplayer-link-sec qtmplayer-play-btn\"><i class='material-icons'>play_arrow<\/i><\/span>\n\t\t<p>\n\t\t\t<span class=\"qtmplayer-tit\">Matala prev\u00ea colher arroz em grande escala at\u00e9 Dezembro<\/span>\n\t\t\t<span class=\"qtmplayer-art\">Ant\u00f3nio Augusto<\/span>\n\t\t<\/p>\n\t<\/li>\n\t\t<\/ul>\n\t<\/div>\t\t\t\n\t\n","protected":false},"excerpt":{"rendered":"<p>O munic\u00edpio da Matala, na Hu\u00edla, prev\u00ea colher, at\u00e9 Dezembro deste ano, mais de sete mil toneladas de arroz segundo o administrador do munic\u00edpio, que anunciou tamb\u00e9m outros projectos no sector da energia. A iniciativa conta com o apoio de empresas privadas e produtores particulares. Clique no \u00e1udio abaixo e ...<\/p>\n","protected":false},"author":23,"featured_media":99379,"comment_status":"closed","ping_status":"closed","sticky":false,"template":"","format":"standard","meta":[],"categories":[142,121,164,163],"tags":[],"_links":{"self":[{"href":"https:\/\/rna.ao\/rna.ao\/wp-json\/wp\/v2\/posts\/190369"}],"collection":[{"href":"https:\/\/rna.ao\/rna.ao\/wp-json\/wp\/v2\/posts"}],"about":[{"href":"https:\/\/rna.ao\/rna.ao\/wp-json\/wp\/v2\/types\/post"}],"author":[{"embeddable":true,"href":"https:\/\/rna.ao\/rna.ao\/wp-json\/wp\/v2\/users\/23"}],"replies":[{"embeddable":true,"href":"https:\/\/rna.ao\/rna.ao\/wp-json\/wp\/v2\/comments?post=190369"}],"version-history":[{"count":1,"href":"https:\/\/rna.ao\/rna.ao\/wp-json\/wp\/v2\/posts\/190369\/revisions"}],"predecessor-version":[{"id":190371,"href":"https:\/\/rna.ao\/rna.ao\/wp-json\/wp\/v2\/posts\/190369\/revisions\/190371"}],"wp:featuredmedia":[{"embeddable":true,"href":"https:\/\/rna.ao\/rna.ao\/wp-json\/wp\/v2\/media\/99379"}],"wp:attachment":[{"href":"https:\/\/rna.ao\/rna.ao\/wp-json\/wp\/v2\/media?parent=190369"}],"wp:term":[{"taxonomy":"category","embeddable":true,"href":"https:\/\/rna.ao\/rna.ao\/wp-json\/wp\/v2\/categories?post=190369"},{"taxonomy":"post_tag","embeddable":true,"href":"https:\/\/rna.ao\/rna.ao\/wp-json\/wp\/v2\/tags?post=190369"}],"curies":[{"name":"wp","href":"https:\/\/api.w.org\/{rel}","templated":true}]}}