{"id":190363,"date":"2025-08-28T08:47:12","date_gmt":"2025-08-28T07:47:12","guid":{"rendered":"https:\/\/rna.ao\/rna.ao\/?p=190363"},"modified":"2025-08-28T08:47:12","modified_gmt":"2025-08-28T07:47:12","slug":"joao-baptista-borges-inaugura-hoje-dois-sistemas-de-abastecimento-de-agua-nos-municipios-de-maquela-do-zombo-e-damba-no-uige","status":"publish","type":"post","link":"https:\/\/rna.ao\/rna.ao\/2025\/08\/28\/joao-baptista-borges-inaugura-hoje-dois-sistemas-de-abastecimento-de-agua-nos-municipios-de-maquela-do-zombo-e-damba-no-uige\/","title":{"rendered":"Jo\u00e3o Baptista Borges inaugura hoje dois sistemas de abastecimento de \u00e1gua nos munic\u00edpios de Maquela do Zombo e Damba, no U\u00edge"},"content":{"rendered":"<p><img loading=\"lazy\" class=\"wp-image-129025 aligncenter\" src=\"https:\/\/rna.ao\/rna.ao\/wp-content\/uploads\/2024\/01\/AGUAA.jpg\" alt=\"\" width=\"341\" height=\"195\" \/>Os munic\u00edpios de Maquela do Zombo e Damba, no U\u00edge, v\u00e3o ganhar hoje, quinta-feira(28), sistemas de abastecimento de \u00e1gua com capacidade de atender mais de mil e duzentas liga\u00e7\u00f5es domiciliares. Com a inaugura\u00e7\u00e3o destas infraestruturas, fica refor\u00e7ado o abastecimento de \u00e1gua nas referidas regi\u00f5es. Clique no \u00e1udio abaixo e ou\u00e7a a reportagem do Ant\u00f3nio Malungo:<\/p>\n\t<div class=\"qtmplayer-playlist-large\">\n\t\t<ul class=\"qtmplayer-playlist\">\n\t\t\t\n\t\t\t\t\t<li class=\"qtmplayer-trackitem\">\n\t\t<img src=\"https:\/\/rna.ao\/rna.ao\/wp-content\/uploads\/2023\/04\/Agua-100x100.jpg\" alt=\"cover\">\t\t<span \t\t\tdata-qtmplayer-cover=\"https:\/\/rna.ao\/rna.ao\/wp-content\/uploads\/2023\/04\/Agua.jpg\"\n\t\t\t\t\t\tdata-qtmplayer-file=\"https:\/\/rna.ao\/rna.ao\/wp-content\/uploads\/2025\/08\/UIGE-SISTEMAS-DE-AGUAS-7HRS.mp3\"\n\t\t\t\t\t\tdata-qtmplayer-title=\"Jo\u00e3o Baptista Borges inaugura hoje dois sistemas de abastecimento de \u00e1gua nos munic\u00edpios de Maquela do Zombo e Damba, no U\u00edge\"\n\t\t\t\t\t\tdata-qtmplayer-artist=\"Ant\u00f3nio Augusto\"\n\t\t\t\t\t\tdata-qtmplayer-link=\"https:\/\/rna.ao\/rna.ao\/2025\/08\/28\/joao-baptista-borges-inaugura-hoje-dois-sistemas-de-abastecimento-de-agua-nos-municipios-de-maquela-do-zombo-e-damba-no-uige\/\"\n\t\t\t\t\t\tdata-qtmplayer-icon=\"file_download\"\n\t\t\t\t\t\tdata-qtmplayer-type=\"track\"\n\t\t\t class=\"qtmplayer-play qtmplayer-link-sec qtmplayer-play-btn\"><i class='material-icons'>play_arrow<\/i><\/span>\n\t\t<p>\n\t\t\t<span class=\"qtmplayer-tit\">Jo\u00e3o Baptista Borges inaugura hoje dois sistemas de abastecimento de \u00e1gua nos munic\u00edpios de Maquela do Zombo e Damba, no U\u00edge<\/span>\n\t\t\t<span class=\"qtmplayer-art\">Ant\u00f3nio Augusto<\/span>\n\t\t<\/p>\n\t<\/li>\n\t\t<\/ul>\n\t<\/div>\t\t\t\n\t\n","protected":false},"excerpt":{"rendered":"<p>Os munic\u00edpios de Maquela do Zombo e Damba, no U\u00edge, v\u00e3o ganhar hoje, quinta-feira(28), sistemas de abastecimento de \u00e1gua com capacidade de atender mais de mil e duzentas liga\u00e7\u00f5es domiciliares. Com a inaugura\u00e7\u00e3o destas infraestruturas, fica refor\u00e7ado o abastecimento de \u00e1gua nas referidas regi\u00f5es. Clique no \u00e1udio abaixo e ou\u00e7a ...<\/p>\n","protected":false},"author":23,"featured_media":101019,"comment_status":"closed","ping_status":"closed","sticky":false,"template":"","format":"standard","meta":[],"categories":[142,121,164,163],"tags":[],"_links":{"self":[{"href":"https:\/\/rna.ao\/rna.ao\/wp-json\/wp\/v2\/posts\/190363"}],"collection":[{"href":"https:\/\/rna.ao\/rna.ao\/wp-json\/wp\/v2\/posts"}],"about":[{"href":"https:\/\/rna.ao\/rna.ao\/wp-json\/wp\/v2\/types\/post"}],"author":[{"embeddable":true,"href":"https:\/\/rna.ao\/rna.ao\/wp-json\/wp\/v2\/users\/23"}],"replies":[{"embeddable":true,"href":"https:\/\/rna.ao\/rna.ao\/wp-json\/wp\/v2\/comments?post=190363"}],"version-history":[{"count":1,"href":"https:\/\/rna.ao\/rna.ao\/wp-json\/wp\/v2\/posts\/190363\/revisions"}],"predecessor-version":[{"id":190365,"href":"https:\/\/rna.ao\/rna.ao\/wp-json\/wp\/v2\/posts\/190363\/revisions\/190365"}],"wp:featuredmedia":[{"embeddable":true,"href":"https:\/\/rna.ao\/rna.ao\/wp-json\/wp\/v2\/media\/101019"}],"wp:attachment":[{"href":"https:\/\/rna.ao\/rna.ao\/wp-json\/wp\/v2\/media?parent=190363"}],"wp:term":[{"taxonomy":"category","embeddable":true,"href":"https:\/\/rna.ao\/rna.ao\/wp-json\/wp\/v2\/categories?post=190363"},{"taxonomy":"post_tag","embeddable":true,"href":"https:\/\/rna.ao\/rna.ao\/wp-json\/wp\/v2\/tags?post=190363"}],"curies":[{"name":"wp","href":"https:\/\/api.w.org\/{rel}","templated":true}]}}