{"id":190355,"date":"2025-08-28T08:34:58","date_gmt":"2025-08-28T07:34:58","guid":{"rendered":"https:\/\/rna.ao\/rna.ao\/?p=190355"},"modified":"2025-08-28T08:34:58","modified_gmt":"2025-08-28T07:34:58","slug":"em-sete-meses-sector-mineiro-angolano-ja-contribuiu-com-mais-de-35-bilioes-de-kwanzas-para-os-cofres-publicos","status":"publish","type":"post","link":"https:\/\/rna.ao\/rna.ao\/2025\/08\/28\/em-sete-meses-sector-mineiro-angolano-ja-contribuiu-com-mais-de-35-bilioes-de-kwanzas-para-os-cofres-publicos\/","title":{"rendered":"Em sete meses, sector mineiro angolano j\u00e1 contribuiu com mais de 3,5 bili\u00f5es de kwanzas para os cofres p\u00fablicos"},"content":{"rendered":"<p><img loading=\"lazy\" class=\"wp-image-190357 aligncenter\" src=\"https:\/\/rna.ao\/rna.ao\/wp-content\/uploads\/2025\/08\/ector-mineiro-angolano-O-770x513.jpg\" alt=\"\" width=\"330\" height=\"220\" srcset=\"https:\/\/rna.ao\/rna.ao\/wp-content\/uploads\/2025\/08\/ector-mineiro-angolano-O-770x513.jpg 770w, https:\/\/rna.ao\/rna.ao\/wp-content\/uploads\/2025\/08\/ector-mineiro-angolano-O-1170x780.jpg 1170w, https:\/\/rna.ao\/rna.ao\/wp-content\/uploads\/2025\/08\/ector-mineiro-angolano-O-768x512.jpg 768w, https:\/\/rna.ao\/rna.ao\/wp-content\/uploads\/2025\/08\/ector-mineiro-angolano-O-1536x1023.jpg 1536w, https:\/\/rna.ao\/rna.ao\/wp-content\/uploads\/2025\/08\/ector-mineiro-angolano-O.jpg 1600w\" sizes=\"(max-width: 330px) 100vw, 330px\" \/>O sector mineiro contribuiu com mais de 3,5 bili\u00f5es de kwanzas para o OGE nos \u00faltimos sete meses deste ano. A informa\u00e7\u00e3o foi avan\u00e7ada pela AGT durante um painel de confer\u00eancia promovido no quadro da primeira edi\u00e7\u00e3o Expo Catoca, que decorre at\u00e9 ao dia de hoje, quinta-feira(28). No evento, ficou ainda a saber-se que Angola t\u00eam reservas diamant\u00edferas para serem explorados por mais de cem anos. Clique no \u00e1udio abaixo e ou\u00e7a a reportagem do Fowem Macanja:<\/p>\n\t<div class=\"qtmplayer-playlist-large\">\n\t\t<ul class=\"qtmplayer-playlist\">\n\t\t\t\n\t\t\t\t\t<li class=\"qtmplayer-trackitem\">\n\t\t<img src=\"https:\/\/rna.ao\/rna.ao\/wp-content\/uploads\/2025\/08\/ector-mineiro-angolano-100x100.jpg\" alt=\"cover\">\t\t<span \t\t\tdata-qtmplayer-cover=\"https:\/\/rna.ao\/rna.ao\/wp-content\/uploads\/2025\/08\/ector-mineiro-angolano-370x370.jpg\"\n\t\t\t\t\t\tdata-qtmplayer-file=\"https:\/\/rna.ao\/rna.ao\/wp-content\/uploads\/2025\/08\/FOWEN-MACANJA-07HRS-2.mp3\"\n\t\t\t\t\t\tdata-qtmplayer-title=\"Em sete meses, sector mineiro angolano j\u00e1 contribuiu com mais de 3,5 bili\u00f5es de kwanzas para os cofres p\u00fablicos\"\n\t\t\t\t\t\tdata-qtmplayer-artist=\"Ant\u00f3nio Augusto\"\n\t\t\t\t\t\tdata-qtmplayer-link=\"https:\/\/rna.ao\/rna.ao\/2025\/08\/28\/em-sete-meses-sector-mineiro-angolano-ja-contribuiu-com-mais-de-35-bilioes-de-kwanzas-para-os-cofres-publicos\/\"\n\t\t\t\t\t\tdata-qtmplayer-icon=\"file_download\"\n\t\t\t\t\t\tdata-qtmplayer-type=\"track\"\n\t\t\t class=\"qtmplayer-play qtmplayer-link-sec qtmplayer-play-btn\"><i class='material-icons'>play_arrow<\/i><\/span>\n\t\t<p>\n\t\t\t<span class=\"qtmplayer-tit\">Em sete meses, sector mineiro angolano j\u00e1 contribuiu com mais de 3,5 bili\u00f5es de kwanzas para os cofres p\u00fablicos<\/span>\n\t\t\t<span class=\"qtmplayer-art\">Ant\u00f3nio Augusto<\/span>\n\t\t<\/p>\n\t<\/li>\n\t\t<\/ul>\n\t<\/div>\t\t\t\n\t\n","protected":false},"excerpt":{"rendered":"<p>O sector mineiro contribuiu com mais de 3,5 bili\u00f5es de kwanzas para o OGE nos \u00faltimos sete meses deste ano. A informa\u00e7\u00e3o foi avan\u00e7ada pela AGT durante um painel de confer\u00eancia promovido no quadro da primeira edi\u00e7\u00e3o Expo Catoca, que decorre at\u00e9 ao dia de hoje, quinta-feira(28). No evento, ficou ...<\/p>\n","protected":false},"author":23,"featured_media":190358,"comment_status":"closed","ping_status":"closed","sticky":false,"template":"","format":"standard","meta":[],"categories":[142,121,164,163],"tags":[],"_links":{"self":[{"href":"https:\/\/rna.ao\/rna.ao\/wp-json\/wp\/v2\/posts\/190355"}],"collection":[{"href":"https:\/\/rna.ao\/rna.ao\/wp-json\/wp\/v2\/posts"}],"about":[{"href":"https:\/\/rna.ao\/rna.ao\/wp-json\/wp\/v2\/types\/post"}],"author":[{"embeddable":true,"href":"https:\/\/rna.ao\/rna.ao\/wp-json\/wp\/v2\/users\/23"}],"replies":[{"embeddable":true,"href":"https:\/\/rna.ao\/rna.ao\/wp-json\/wp\/v2\/comments?post=190355"}],"version-history":[{"count":1,"href":"https:\/\/rna.ao\/rna.ao\/wp-json\/wp\/v2\/posts\/190355\/revisions"}],"predecessor-version":[{"id":190359,"href":"https:\/\/rna.ao\/rna.ao\/wp-json\/wp\/v2\/posts\/190355\/revisions\/190359"}],"wp:featuredmedia":[{"embeddable":true,"href":"https:\/\/rna.ao\/rna.ao\/wp-json\/wp\/v2\/media\/190358"}],"wp:attachment":[{"href":"https:\/\/rna.ao\/rna.ao\/wp-json\/wp\/v2\/media?parent=190355"}],"wp:term":[{"taxonomy":"category","embeddable":true,"href":"https:\/\/rna.ao\/rna.ao\/wp-json\/wp\/v2\/categories?post=190355"},{"taxonomy":"post_tag","embeddable":true,"href":"https:\/\/rna.ao\/rna.ao\/wp-json\/wp\/v2\/tags?post=190355"}],"curies":[{"name":"wp","href":"https:\/\/api.w.org\/{rel}","templated":true}]}}