{"id":190343,"date":"2025-08-28T08:15:04","date_gmt":"2025-08-28T07:15:04","guid":{"rendered":"https:\/\/rna.ao\/rna.ao\/?p=190343"},"modified":"2025-08-28T08:15:04","modified_gmt":"2025-08-28T07:15:04","slug":"inapem-e-espaco-prova-dart-promovem-a-partir-de-hoje-feira-jango-recria-feito-em-angola","status":"publish","type":"post","link":"https:\/\/rna.ao\/rna.ao\/2025\/08\/28\/inapem-e-espaco-prova-dart-promovem-a-partir-de-hoje-feira-jango-recria-feito-em-angola\/","title":{"rendered":"INAPEM e espa\u00e7o Prova d\u00b4Art promovem a partir de hoje \u201cFeira Jango Recria-Feito em Angola\u201d"},"content":{"rendered":"<p><img loading=\"lazy\" class=\"size-full wp-image-190345 aligncenter\" src=\"https:\/\/rna.ao\/rna.ao\/wp-content\/uploads\/2025\/08\/Feira-Jango-Recria-Feito-em-Angola.jpg\" alt=\"\" width=\"217\" height=\"233\" \/>Come\u00e7a hoje, quinta-feira(28), em luanda, a \u201cFeira Jango Recria-Feito em Angola\u201d, uma iniciativa do INAPEM, em parceria com o Espa\u00e7o Prova d\u00b4Art. O evento, enquadra nas celebra\u00e7\u00f5es dos 33 anos do INAPEM, visa destacar a arte, a cultura e a identidade nacional. Clique no \u00e1udio abaixo e ou\u00e7a a reportagem da Aurora Ambriz:<\/p>\n\t<div class=\"qtmplayer-playlist-large\">\n\t\t<ul class=\"qtmplayer-playlist\">\n\t\t\t\n\t\t\t\t\t<li class=\"qtmplayer-trackitem\">\n\t\t<img src=\"https:\/\/rna.ao\/rna.ao\/wp-content\/uploads\/2025\/08\/Feira-Jango-Recria-Feito-em-Angola-100x100.jpg\" alt=\"cover\">\t\t<span \t\t\tdata-qtmplayer-cover=\"https:\/\/rna.ao\/rna.ao\/wp-content\/uploads\/2025\/08\/Feira-Jango-Recria-Feito-em-Angola.jpg\"\n\t\t\t\t\t\tdata-qtmplayer-file=\"https:\/\/rna.ao\/rna.ao\/wp-content\/uploads\/2025\/08\/AURORA-AMBRIZ-6HRS.mp3\"\n\t\t\t\t\t\tdata-qtmplayer-title=\"INAPEM e espa\u00e7o Prova d\u00b4Art promovem a partir de hoje \u201cFeira Jango Recria-Feito em Angola\u201d\"\n\t\t\t\t\t\tdata-qtmplayer-artist=\"Ant\u00f3nio Augusto\"\n\t\t\t\t\t\tdata-qtmplayer-link=\"https:\/\/rna.ao\/rna.ao\/2025\/08\/28\/inapem-e-espaco-prova-dart-promovem-a-partir-de-hoje-feira-jango-recria-feito-em-angola\/\"\n\t\t\t\t\t\tdata-qtmplayer-icon=\"file_download\"\n\t\t\t\t\t\tdata-qtmplayer-type=\"track\"\n\t\t\t class=\"qtmplayer-play qtmplayer-link-sec qtmplayer-play-btn\"><i class='material-icons'>play_arrow<\/i><\/span>\n\t\t<p>\n\t\t\t<span class=\"qtmplayer-tit\">INAPEM e espa\u00e7o Prova d\u00b4Art promovem a partir de hoje \u201cFeira Jango Recria-Feito em Angola\u201d<\/span>\n\t\t\t<span class=\"qtmplayer-art\">Ant\u00f3nio Augusto<\/span>\n\t\t<\/p>\n\t<\/li>\n\t\t<\/ul>\n\t<\/div>\t\t\t\n\t\n","protected":false},"excerpt":{"rendered":"<p>Come\u00e7a hoje, quinta-feira(28), em luanda, a \u201cFeira Jango Recria-Feito em Angola\u201d, uma iniciativa do INAPEM, em parceria com o Espa\u00e7o Prova d\u00b4Art. O evento, enquadra nas celebra\u00e7\u00f5es dos 33 anos do INAPEM, visa destacar a arte, a cultura e a identidade nacional. Clique no \u00e1udio abaixo e ou\u00e7a a reportagem ...<\/p>\n","protected":false},"author":23,"featured_media":190345,"comment_status":"closed","ping_status":"closed","sticky":false,"template":"","format":"standard","meta":[],"categories":[142,121,164,163],"tags":[],"_links":{"self":[{"href":"https:\/\/rna.ao\/rna.ao\/wp-json\/wp\/v2\/posts\/190343"}],"collection":[{"href":"https:\/\/rna.ao\/rna.ao\/wp-json\/wp\/v2\/posts"}],"about":[{"href":"https:\/\/rna.ao\/rna.ao\/wp-json\/wp\/v2\/types\/post"}],"author":[{"embeddable":true,"href":"https:\/\/rna.ao\/rna.ao\/wp-json\/wp\/v2\/users\/23"}],"replies":[{"embeddable":true,"href":"https:\/\/rna.ao\/rna.ao\/wp-json\/wp\/v2\/comments?post=190343"}],"version-history":[{"count":1,"href":"https:\/\/rna.ao\/rna.ao\/wp-json\/wp\/v2\/posts\/190343\/revisions"}],"predecessor-version":[{"id":190346,"href":"https:\/\/rna.ao\/rna.ao\/wp-json\/wp\/v2\/posts\/190343\/revisions\/190346"}],"wp:featuredmedia":[{"embeddable":true,"href":"https:\/\/rna.ao\/rna.ao\/wp-json\/wp\/v2\/media\/190345"}],"wp:attachment":[{"href":"https:\/\/rna.ao\/rna.ao\/wp-json\/wp\/v2\/media?parent=190343"}],"wp:term":[{"taxonomy":"category","embeddable":true,"href":"https:\/\/rna.ao\/rna.ao\/wp-json\/wp\/v2\/categories?post=190343"},{"taxonomy":"post_tag","embeddable":true,"href":"https:\/\/rna.ao\/rna.ao\/wp-json\/wp\/v2\/tags?post=190343"}],"curies":[{"name":"wp","href":"https:\/\/api.w.org\/{rel}","templated":true}]}}