{"id":19031,"date":"2021-03-10T09:00:35","date_gmt":"2021-03-10T08:00:35","guid":{"rendered":"https:\/\/rna.ao\/rna.ao\/?p=19031"},"modified":"2021-03-10T09:00:35","modified_gmt":"2021-03-10T08:00:35","slug":"situacao-da-empregabilidade-no-pais-leva-ministra-teresa-dias-a-malanje","status":"publish","type":"post","link":"https:\/\/rna.ao\/rna.ao\/2021\/03\/10\/situacao-da-empregabilidade-no-pais-leva-ministra-teresa-dias-a-malanje\/","title":{"rendered":"Situa\u00e7\u00e3o da empregabilidade no pa\u00eds leva Ministra Teresa Dias \u00e0 Malanje"},"content":{"rendered":"<p><img loading=\"lazy\" class=\"wp-image-6983 alignleft\" src=\"https:\/\/rna.ao\/rna.ao\/wp-content\/uploads\/2020\/10\/Ministra-teresa-dias.jpg\" alt=\"\" width=\"215\" height=\"209\" \/>A Ministra da Administra\u00e7\u00e3o P\u00fablica, Trabalho e Seguran\u00e7a Social, Teresa Dias, avalia, em Malanje, o estado organizativo e funcional do sector naquela Prov\u00edncia.<\/p>\n<p>Os aspectos ligados a empregabilidade fazem parte da agenda da Ministra Teresa Dias, nas \u201cterras da palanca negra gigante\u201d. Ou\u00e7a, no \u00e1udio abaixo, toda informa\u00e7\u00e3o na reportagem com Vit\u00f3ria da Gra\u00e7a:<\/p>\n\t<div class=\"qtmplayer-playlist-large\">\n\t\t<ul class=\"qtmplayer-playlist\">\n\t\t\t\n\t\t\t\t\t<li class=\"qtmplayer-trackitem\">\n\t\t<img src=\"https:\/\/rna.ao\/rna.ao\/wp-content\/uploads\/2020\/10\/Ministra-teresa-dias-100x100.jpg\" alt=\"cover\">\t\t<span \t\t\tdata-qtmplayer-cover=\"https:\/\/rna.ao\/rna.ao\/wp-content\/uploads\/2020\/10\/Ministra-teresa-dias-370x370.jpg\"\n\t\t\t\t\t\tdata-qtmplayer-file=\"https:\/\/rna.ao\/rna.ao\/wp-content\/uploads\/2021\/03\/VITORIA-DA-GRACA-10-03-21.mp3\"\n\t\t\t\t\t\tdata-qtmplayer-title=\"Situa\u00e7\u00e3o da empregabilidade no pa\u00eds leva Ministra Teresa Dias \u00e0 Malanje\"\n\t\t\t\t\t\tdata-qtmplayer-artist=\"RNA\"\n\t\t\t\t\t\tdata-qtmplayer-link=\"https:\/\/rna.ao\/rna.ao\/2021\/03\/10\/situacao-da-empregabilidade-no-pais-leva-ministra-teresa-dias-a-malanje\/\"\n\t\t\t\t\t\tdata-qtmplayer-icon=\"file_download\"\n\t\t\t\t\t\tdata-qtmplayer-type=\"track\"\n\t\t\t class=\"qtmplayer-play qtmplayer-link-sec qtmplayer-play-btn\"><i class='material-icons'>play_arrow<\/i><\/span>\n\t\t<p>\n\t\t\t<span class=\"qtmplayer-tit\">Situa\u00e7\u00e3o da empregabilidade no pa\u00eds leva Ministra Teresa Dias \u00e0 Malanje<\/span>\n\t\t\t<span class=\"qtmplayer-art\">RNA<\/span>\n\t\t<\/p>\n\t<\/li>\n\t\t<\/ul>\n\t<\/div>\t\t\t\n\t\n<p>Fonte: RNA<\/p>\n","protected":false},"excerpt":{"rendered":"<p>A Ministra da Administra\u00e7\u00e3o P\u00fablica, Trabalho e Seguran\u00e7a Social, Teresa Dias, avalia, em Malanje, o estado organizativo e funcional do sector naquela Prov\u00edncia. Os aspectos ligados a empregabilidade fazem parte da agenda da Ministra Teresa Dias, nas \u201cterras da palanca negra gigante\u201d. Ou\u00e7a, no \u00e1udio abaixo, toda informa\u00e7\u00e3o na reportagem ...<\/p>\n","protected":false},"author":8,"featured_media":6983,"comment_status":"closed","ping_status":"closed","sticky":false,"template":"","format":"standard","meta":[],"categories":[121,163],"tags":[],"_links":{"self":[{"href":"https:\/\/rna.ao\/rna.ao\/wp-json\/wp\/v2\/posts\/19031"}],"collection":[{"href":"https:\/\/rna.ao\/rna.ao\/wp-json\/wp\/v2\/posts"}],"about":[{"href":"https:\/\/rna.ao\/rna.ao\/wp-json\/wp\/v2\/types\/post"}],"author":[{"embeddable":true,"href":"https:\/\/rna.ao\/rna.ao\/wp-json\/wp\/v2\/users\/8"}],"replies":[{"embeddable":true,"href":"https:\/\/rna.ao\/rna.ao\/wp-json\/wp\/v2\/comments?post=19031"}],"version-history":[{"count":1,"href":"https:\/\/rna.ao\/rna.ao\/wp-json\/wp\/v2\/posts\/19031\/revisions"}],"predecessor-version":[{"id":19033,"href":"https:\/\/rna.ao\/rna.ao\/wp-json\/wp\/v2\/posts\/19031\/revisions\/19033"}],"wp:featuredmedia":[{"embeddable":true,"href":"https:\/\/rna.ao\/rna.ao\/wp-json\/wp\/v2\/media\/6983"}],"wp:attachment":[{"href":"https:\/\/rna.ao\/rna.ao\/wp-json\/wp\/v2\/media?parent=19031"}],"wp:term":[{"taxonomy":"category","embeddable":true,"href":"https:\/\/rna.ao\/rna.ao\/wp-json\/wp\/v2\/categories?post=19031"},{"taxonomy":"post_tag","embeddable":true,"href":"https:\/\/rna.ao\/rna.ao\/wp-json\/wp\/v2\/tags?post=19031"}],"curies":[{"name":"wp","href":"https:\/\/api.w.org\/{rel}","templated":true}]}}