{"id":190247,"date":"2025-08-27T09:09:23","date_gmt":"2025-08-27T08:09:23","guid":{"rendered":"https:\/\/rna.ao\/rna.ao\/?p=190247"},"modified":"2025-08-27T09:21:14","modified_gmt":"2025-08-27T08:21:14","slug":"pr-enaltece-grandioso-feito-dos-duodecacampeoes-africanos","status":"publish","type":"post","link":"https:\/\/rna.ao\/rna.ao\/2025\/08\/27\/pr-enaltece-grandioso-feito-dos-duodecacampeoes-africanos\/","title":{"rendered":"PR enaltece grandioso feito dos dodecacampe\u00f5es africanos"},"content":{"rendered":"<p><img loading=\"lazy\" class=\"alignnone size-full wp-image-190259\" src=\"https:\/\/rna.ao\/rna.ao\/wp-content\/uploads\/2025\/08\/Joao-Lourenco-Presidente-DA-republica.jpg\" alt=\"\" width=\"308\" height=\"205\" \/> <img loading=\"lazy\" class=\"alignnone size-full wp-image-190262\" src=\"https:\/\/rna.ao\/rna.ao\/wp-content\/uploads\/2025\/08\/seleccao-baquetebol-afrobaskete.jpg\" alt=\"\" width=\"308\" height=\"205\" \/><\/p>\n<p>O Presidente da Rep\u00fablica considerou o t\u00edtulo conquistado domingo(24) passado pelos dodecacampe\u00f5es africanos de basquetebol, aquele que todos os angolanos ansiosamente esperavam. Jo\u00e3o Manuel Gon\u00e7alves Louren\u00e7o referenciou isso quando recebia no Pal\u00e1cio da Cidade Alta, os 12 atletas que domingo passado garantiram a consagra\u00e7\u00e3o 12 anos depois da selec\u00e7\u00e3o nacional masculina de Basquetebol. Segundo as suas palavras, este n\u00e3o \u00e9 apenas um t\u00edtulo, \u00e9 aquele que veio quebrar o jejum de longos 12 anos sem qualquer conquista continental na modalidade. Clique no \u00e1udio abaixo e ou\u00e7a:<\/p>\n\t<div class=\"qtmplayer-playlist-large\">\n\t\t<ul class=\"qtmplayer-playlist\">\n\t\t\t\n\t\t\t\t\t<li class=\"qtmplayer-trackitem\">\n\t\t<img src=\"https:\/\/rna.ao\/rna.ao\/wp-content\/uploads\/2025\/08\/seleccao-baquetebol-afrobaskete-100x100.jpg\" alt=\"cover\">\t\t<span \t\t\tdata-qtmplayer-cover=\"https:\/\/rna.ao\/rna.ao\/wp-content\/uploads\/2025\/08\/seleccao-baquetebol-afrobaskete.jpg\"\n\t\t\t\t\t\tdata-qtmplayer-file=\"https:\/\/rna.ao\/rna.ao\/wp-content\/uploads\/2025\/08\/P-J-1-JOAO-LOURENCO-27-08-25.mp3\"\n\t\t\t\t\t\tdata-qtmplayer-title=\"PR enaltece grandioso feito dos dodecacampe\u00f5es africanos\"\n\t\t\t\t\t\tdata-qtmplayer-artist=\"Ant\u00f3nio Augusto\"\n\t\t\t\t\t\tdata-qtmplayer-link=\"https:\/\/rna.ao\/rna.ao\/2025\/08\/27\/pr-enaltece-grandioso-feito-dos-duodecacampeoes-africanos\/\"\n\t\t\t\t\t\tdata-qtmplayer-icon=\"file_download\"\n\t\t\t\t\t\tdata-qtmplayer-type=\"track\"\n\t\t\t class=\"qtmplayer-play qtmplayer-link-sec qtmplayer-play-btn\"><i class='material-icons'>play_arrow<\/i><\/span>\n\t\t<p>\n\t\t\t<span class=\"qtmplayer-tit\">PR enaltece grandioso feito dos dodecacampe\u00f5es africanos<\/span>\n\t\t\t<span class=\"qtmplayer-art\">Ant\u00f3nio Augusto<\/span>\n\t\t<\/p>\n\t<\/li>\n\t\t<\/ul>\n\t<\/div>\t\t\t\n\t\n<p><img loading=\"lazy\" class=\"size-full wp-image-190261 aligncenter\" src=\"https:\/\/rna.ao\/rna.ao\/wp-content\/uploads\/2025\/08\/seleccao-baquetebol-afrobasket.jpg\" alt=\"\" width=\"308\" height=\"206\" \/>O Chefe de Estado que aplaudiu o grande empenho, a entrega e a dedica\u00e7\u00e3o que tiveram todos os atletas e sua equipa t\u00e9cnica, alertou para a necessidade de se trabalhar para massificar o basquetebol. De acordo com o n\u00ba 1 do pa\u00eds teremos de construir mais quadras nas distintas comunidades, exatamente 12 pavilh\u00f5es multiusos que dever\u00e3o servir para todas as outras modalidades de sala. \u00a0Clique no \u00e1udio abaixo e ou\u00e7a:<\/p>\n\t<div class=\"qtmplayer-playlist-large\">\n\t\t<ul class=\"qtmplayer-playlist\">\n\t\t\t\n\t\t\t\t\t<li class=\"qtmplayer-trackitem\">\n\t\t<img src=\"https:\/\/rna.ao\/rna.ao\/wp-content\/uploads\/2025\/08\/seleccao-baquetebol-afrobaskete-100x100.jpg\" alt=\"cover\">\t\t<span \t\t\tdata-qtmplayer-cover=\"https:\/\/rna.ao\/rna.ao\/wp-content\/uploads\/2025\/08\/seleccao-baquetebol-afrobaskete.jpg\"\n\t\t\t\t\t\tdata-qtmplayer-file=\"https:\/\/rna.ao\/rna.ao\/wp-content\/uploads\/2025\/08\/P-J-2-JOAO-LOURENCO-27-08-25.mp3\"\n\t\t\t\t\t\tdata-qtmplayer-title=\"PR enaltece grandioso feito dos dodecacampe\u00f5es africanos\"\n\t\t\t\t\t\tdata-qtmplayer-artist=\"Ant\u00f3nio Augusto\"\n\t\t\t\t\t\tdata-qtmplayer-link=\"https:\/\/rna.ao\/rna.ao\/2025\/08\/27\/pr-enaltece-grandioso-feito-dos-duodecacampeoes-africanos\/\"\n\t\t\t\t\t\tdata-qtmplayer-icon=\"file_download\"\n\t\t\t\t\t\tdata-qtmplayer-type=\"track\"\n\t\t\t class=\"qtmplayer-play qtmplayer-link-sec qtmplayer-play-btn\"><i class='material-icons'>play_arrow<\/i><\/span>\n\t\t<p>\n\t\t\t<span class=\"qtmplayer-tit\">PR enaltece grandioso feito dos dodecacampe\u00f5es africanos<\/span>\n\t\t\t<span class=\"qtmplayer-art\">Ant\u00f3nio Augusto<\/span>\n\t\t<\/p>\n\t<\/li>\n\t\t<\/ul>\n\t<\/div>\t\t\t\n\t\n<p><img loading=\"lazy\" class=\"size-full wp-image-190257 aligncenter\" src=\"https:\/\/rna.ao\/rna.ao\/wp-content\/uploads\/2025\/08\/seleccao-baquetebol-afrobasketeee.jpg\" alt=\"\" width=\"308\" height=\"206\" \/>Jo\u00e3o Louren\u00e7o, n\u00e3o esqueceu outras modalidades que orgulham os milh\u00f5es de angolanos e, t\u00eam garantido conquistas importantes para o desporto nacional, como o Andebol feminino e as modalidades de Lutas, com realce para o Judo, o Karat\u00ea e as Artes Marciais Mistas, MMA. Clique no \u00e1udio abaixo e ou\u00e7a:<\/p>\n\t<div class=\"qtmplayer-playlist-large\">\n\t\t<ul class=\"qtmplayer-playlist\">\n\t\t\t\n\t\t\t\t\t<li class=\"qtmplayer-trackitem\">\n\t\t<img src=\"https:\/\/rna.ao\/rna.ao\/wp-content\/uploads\/2025\/08\/seleccao-baquetebol-afrobaskete-100x100.jpg\" alt=\"cover\">\t\t<span \t\t\tdata-qtmplayer-cover=\"https:\/\/rna.ao\/rna.ao\/wp-content\/uploads\/2025\/08\/seleccao-baquetebol-afrobaskete.jpg\"\n\t\t\t\t\t\tdata-qtmplayer-file=\"https:\/\/rna.ao\/rna.ao\/wp-content\/uploads\/2025\/08\/P-J-3-JOAO-LOURENCO-27-08-25.mp3\"\n\t\t\t\t\t\tdata-qtmplayer-title=\"PR enaltece grandioso feito dos dodecacampe\u00f5es africanos\"\n\t\t\t\t\t\tdata-qtmplayer-artist=\"Ant\u00f3nio Augusto\"\n\t\t\t\t\t\tdata-qtmplayer-link=\"https:\/\/rna.ao\/rna.ao\/2025\/08\/27\/pr-enaltece-grandioso-feito-dos-duodecacampeoes-africanos\/\"\n\t\t\t\t\t\tdata-qtmplayer-icon=\"file_download\"\n\t\t\t\t\t\tdata-qtmplayer-type=\"track\"\n\t\t\t class=\"qtmplayer-play qtmplayer-link-sec qtmplayer-play-btn\"><i class='material-icons'>play_arrow<\/i><\/span>\n\t\t<p>\n\t\t\t<span class=\"qtmplayer-tit\">PR enaltece grandioso feito dos dodecacampe\u00f5es africanos<\/span>\n\t\t\t<span class=\"qtmplayer-art\">Ant\u00f3nio Augusto<\/span>\n\t\t<\/p>\n\t<\/li>\n\t\t<\/ul>\n\t<\/div>\t\t\t\n\t\n<p><img loading=\"lazy\" class=\"size-full wp-image-190260 aligncenter\" src=\"https:\/\/rna.ao\/rna.ao\/wp-content\/uploads\/2025\/08\/seleccao-baquetebol-afrobasket-joao-lourenco.jpg\" alt=\"\" width=\"308\" height=\"206\" \/>Em nome dos atletas o capit\u00e3o, Gerson Gon\u00e7alves \u201cLukeny\u201d, agradeceu o bel\u00edssimo gesto do Chefe de Estado, ao mesmo tempo que exteriorizou a satisfa\u00e7\u00e3o do grupo que 12 anos depois proporcionou mais uma vez a alegria ao povo angolano. Clique no \u00e1udio abaixo e ou\u00e7a:<\/p>\n\t<div class=\"qtmplayer-playlist-large\">\n\t\t<ul class=\"qtmplayer-playlist\">\n\t\t\t\n\t\t\t\t\t<li class=\"qtmplayer-trackitem\">\n\t\t<img src=\"https:\/\/rna.ao\/rna.ao\/wp-content\/uploads\/2025\/08\/seleccao-baquetebol-afrobaskete-100x100.jpg\" alt=\"cover\">\t\t<span \t\t\tdata-qtmplayer-cover=\"https:\/\/rna.ao\/rna.ao\/wp-content\/uploads\/2025\/08\/seleccao-baquetebol-afrobaskete.jpg\"\n\t\t\t\t\t\tdata-qtmplayer-file=\"https:\/\/rna.ao\/rna.ao\/wp-content\/uploads\/2025\/08\/P-J-4-GERSON-LUKENY-27-08-25.mp3\"\n\t\t\t\t\t\tdata-qtmplayer-title=\"PR enaltece grandioso feito dos dodecacampe\u00f5es africanos\"\n\t\t\t\t\t\tdata-qtmplayer-artist=\"Ant\u00f3nio Augusto\"\n\t\t\t\t\t\tdata-qtmplayer-link=\"https:\/\/rna.ao\/rna.ao\/2025\/08\/27\/pr-enaltece-grandioso-feito-dos-duodecacampeoes-africanos\/\"\n\t\t\t\t\t\tdata-qtmplayer-icon=\"file_download\"\n\t\t\t\t\t\tdata-qtmplayer-type=\"track\"\n\t\t\t class=\"qtmplayer-play qtmplayer-link-sec qtmplayer-play-btn\"><i class='material-icons'>play_arrow<\/i><\/span>\n\t\t<p>\n\t\t\t<span class=\"qtmplayer-tit\">PR enaltece grandioso feito dos dodecacampe\u00f5es africanos<\/span>\n\t\t\t<span class=\"qtmplayer-art\">Ant\u00f3nio Augusto<\/span>\n\t\t<\/p>\n\t<\/li>\n\t\t<\/ul>\n\t<\/div>\t\t\t\n\t\n<p><img loading=\"lazy\" class=\"size-full wp-image-190258 aligncenter\" src=\"https:\/\/rna.ao\/rna.ao\/wp-content\/uploads\/2025\/08\/seleccao-baquetebol-afrobasketeeeeeeeeee.jpg\" alt=\"\" width=\"308\" height=\"206\" \/>Moniz Silva, presidente da Federa\u00e7\u00e3o Angolana de Basquetebol ressaltou a import\u00e2ncia do trabalho que foi desenvolvido pelo grupo que dirigiu at\u00e9 culminar nesta que considera uma sele\u00e7\u00e3o de futuro. Clique no \u00e1udio abaixo e ou\u00e7a:<\/p>\n\t<div class=\"qtmplayer-playlist-large\">\n\t\t<ul class=\"qtmplayer-playlist\">\n\t\t\t\n\t\t\t\t\t<li class=\"qtmplayer-trackitem\">\n\t\t<img src=\"https:\/\/rna.ao\/rna.ao\/wp-content\/uploads\/2025\/08\/seleccao-baquetebol-afrobaskete-100x100.jpg\" alt=\"cover\">\t\t<span \t\t\tdata-qtmplayer-cover=\"https:\/\/rna.ao\/rna.ao\/wp-content\/uploads\/2025\/08\/seleccao-baquetebol-afrobaskete.jpg\"\n\t\t\t\t\t\tdata-qtmplayer-file=\"https:\/\/rna.ao\/rna.ao\/wp-content\/uploads\/2025\/08\/P-J-5-MONIZ-SILVA-27-08-25.mp3\"\n\t\t\t\t\t\tdata-qtmplayer-title=\"PR enaltece grandioso feito dos dodecacampe\u00f5es africanos\"\n\t\t\t\t\t\tdata-qtmplayer-artist=\"Ant\u00f3nio Augusto\"\n\t\t\t\t\t\tdata-qtmplayer-link=\"https:\/\/rna.ao\/rna.ao\/2025\/08\/27\/pr-enaltece-grandioso-feito-dos-duodecacampeoes-africanos\/\"\n\t\t\t\t\t\tdata-qtmplayer-icon=\"file_download\"\n\t\t\t\t\t\tdata-qtmplayer-type=\"track\"\n\t\t\t class=\"qtmplayer-play qtmplayer-link-sec qtmplayer-play-btn\"><i class='material-icons'>play_arrow<\/i><\/span>\n\t\t<p>\n\t\t\t<span class=\"qtmplayer-tit\">PR enaltece grandioso feito dos dodecacampe\u00f5es africanos<\/span>\n\t\t\t<span class=\"qtmplayer-art\">Ant\u00f3nio Augusto<\/span>\n\t\t<\/p>\n\t<\/li>\n\t\t<\/ul>\n\t<\/div>\t\t\t\n\t\n<p><img loading=\"lazy\" class=\"size-full wp-image-190262 aligncenter\" src=\"https:\/\/rna.ao\/rna.ao\/wp-content\/uploads\/2025\/08\/seleccao-baquetebol-afrobaskete.jpg\" alt=\"\" width=\"308\" height=\"205\" \/>O presidente da Federa\u00e7\u00e3o diz que cumprido o projecto Afrobasket, Angola-2025, e porque trabalham por objetivos, v\u00e3o procurar convencer o selecionador espanhol a manter-se \u00e0 testa do projeto de crescimento e renova\u00e7\u00e3o da sele\u00e7\u00e3o nacional, at\u00e9 aos Jogos Ol\u00edmpicos de 2028 em Los Angeles nos EUA. Clique no \u00e1udio abaixo e ou\u00e7a:<\/p>\n\t<div class=\"qtmplayer-playlist-large\">\n\t\t<ul class=\"qtmplayer-playlist\">\n\t\t\t\n\t\t\t\t\t<li class=\"qtmplayer-trackitem\">\n\t\t<img src=\"https:\/\/rna.ao\/rna.ao\/wp-content\/uploads\/2025\/08\/seleccao-baquetebol-afrobaskete-100x100.jpg\" alt=\"cover\">\t\t<span \t\t\tdata-qtmplayer-cover=\"https:\/\/rna.ao\/rna.ao\/wp-content\/uploads\/2025\/08\/seleccao-baquetebol-afrobaskete.jpg\"\n\t\t\t\t\t\tdata-qtmplayer-file=\"https:\/\/rna.ao\/rna.ao\/wp-content\/uploads\/2025\/08\/P-J-6-MONIZ-SILVA-27-08-25.mp3\"\n\t\t\t\t\t\tdata-qtmplayer-title=\"PR enaltece grandioso feito dos dodecacampe\u00f5es africanos\"\n\t\t\t\t\t\tdata-qtmplayer-artist=\"Ant\u00f3nio Augusto\"\n\t\t\t\t\t\tdata-qtmplayer-link=\"https:\/\/rna.ao\/rna.ao\/2025\/08\/27\/pr-enaltece-grandioso-feito-dos-duodecacampeoes-africanos\/\"\n\t\t\t\t\t\tdata-qtmplayer-icon=\"file_download\"\n\t\t\t\t\t\tdata-qtmplayer-type=\"track\"\n\t\t\t class=\"qtmplayer-play qtmplayer-link-sec qtmplayer-play-btn\"><i class='material-icons'>play_arrow<\/i><\/span>\n\t\t<p>\n\t\t\t<span class=\"qtmplayer-tit\">PR enaltece grandioso feito dos dodecacampe\u00f5es africanos<\/span>\n\t\t\t<span class=\"qtmplayer-art\">Ant\u00f3nio Augusto<\/span>\n\t\t<\/p>\n\t<\/li>\n\t\t<\/ul>\n\t<\/div>\t\t\t\n\t\n","protected":false},"excerpt":{"rendered":"<p>O Presidente da Rep\u00fablica considerou o t\u00edtulo conquistado domingo(24) passado pelos dodecacampe\u00f5es africanos de basquetebol, aquele que todos os angolanos ansiosamente esperavam. Jo\u00e3o Manuel Gon\u00e7alves Louren\u00e7o referenciou isso quando recebia no Pal\u00e1cio da Cidade Alta, os 12 atletas que domingo passado garantiram a consagra\u00e7\u00e3o 12 anos depois da selec\u00e7\u00e3o nacional ...<\/p>\n","protected":false},"author":23,"featured_media":190262,"comment_status":"closed","ping_status":"closed","sticky":false,"template":"","format":"standard","meta":[],"categories":[145,125,164],"tags":[],"_links":{"self":[{"href":"https:\/\/rna.ao\/rna.ao\/wp-json\/wp\/v2\/posts\/190247"}],"collection":[{"href":"https:\/\/rna.ao\/rna.ao\/wp-json\/wp\/v2\/posts"}],"about":[{"href":"https:\/\/rna.ao\/rna.ao\/wp-json\/wp\/v2\/types\/post"}],"author":[{"embeddable":true,"href":"https:\/\/rna.ao\/rna.ao\/wp-json\/wp\/v2\/users\/23"}],"replies":[{"embeddable":true,"href":"https:\/\/rna.ao\/rna.ao\/wp-json\/wp\/v2\/comments?post=190247"}],"version-history":[{"count":4,"href":"https:\/\/rna.ao\/rna.ao\/wp-json\/wp\/v2\/posts\/190247\/revisions"}],"predecessor-version":[{"id":190273,"href":"https:\/\/rna.ao\/rna.ao\/wp-json\/wp\/v2\/posts\/190247\/revisions\/190273"}],"wp:featuredmedia":[{"embeddable":true,"href":"https:\/\/rna.ao\/rna.ao\/wp-json\/wp\/v2\/media\/190262"}],"wp:attachment":[{"href":"https:\/\/rna.ao\/rna.ao\/wp-json\/wp\/v2\/media?parent=190247"}],"wp:term":[{"taxonomy":"category","embeddable":true,"href":"https:\/\/rna.ao\/rna.ao\/wp-json\/wp\/v2\/categories?post=190247"},{"taxonomy":"post_tag","embeddable":true,"href":"https:\/\/rna.ao\/rna.ao\/wp-json\/wp\/v2\/tags?post=190247"}],"curies":[{"name":"wp","href":"https:\/\/api.w.org\/{rel}","templated":true}]}}