{"id":190238,"date":"2025-08-27T08:35:48","date_gmt":"2025-08-27T07:35:48","guid":{"rendered":"https:\/\/rna.ao\/rna.ao\/?p=190238"},"modified":"2025-08-27T08:35:48","modified_gmt":"2025-08-27T07:35:48","slug":"mocamedes-ganha-um-novo-campo-multiuso","status":"publish","type":"post","link":"https:\/\/rna.ao\/rna.ao\/2025\/08\/27\/mocamedes-ganha-um-novo-campo-multiuso\/","title":{"rendered":"Mo\u00e7\u00e2medes ganha um novo campo multiuso"},"content":{"rendered":"<p><img loading=\"lazy\" class=\"size-full wp-image-190242 aligncenter\" src=\"https:\/\/rna.ao\/rna.ao\/wp-content\/uploads\/2025\/08\/novo-campo-multiuso.jpg\" alt=\"\" width=\"259\" height=\"194\" \/>A cidade de Mo\u00e7\u00e2medes, na Prov\u00edncia do Namibe, conta com um novo pavilh\u00e3o multiusos, erguido de raiz. Eduardo Mingas, antigo capit\u00e3o da selec\u00e7\u00e3o nacional masculina de Basquetebol que assistiu \u00e0 cerim\u00f3nia, deixou um pertinente apelo \u00e0 juventude.<\/p>\n\t<div class=\"qtmplayer-playlist-large\">\n\t\t<ul class=\"qtmplayer-playlist\">\n\t\t\t\n\t\t\t\t\t<li class=\"qtmplayer-trackitem\">\n\t\t<img src=\"https:\/\/rna.ao\/rna.ao\/wp-content\/uploads\/2025\/08\/novo-campo-multiuso-100x100.jpg\" alt=\"cover\">\t\t<span \t\t\tdata-qtmplayer-cover=\"https:\/\/rna.ao\/rna.ao\/wp-content\/uploads\/2025\/08\/novo-campo-multiuso.jpg\"\n\t\t\t\t\t\tdata-qtmplayer-file=\"https:\/\/rna.ao\/rna.ao\/wp-content\/uploads\/2025\/08\/P-J-14-EDUARDO-MINGAS-27-08-25.mp3\"\n\t\t\t\t\t\tdata-qtmplayer-title=\"Mo\u00e7\u00e2medes ganha um novo campo multiuso\"\n\t\t\t\t\t\tdata-qtmplayer-artist=\"Ant\u00f3nio Augusto\"\n\t\t\t\t\t\tdata-qtmplayer-link=\"https:\/\/rna.ao\/rna.ao\/2025\/08\/27\/mocamedes-ganha-um-novo-campo-multiuso\/\"\n\t\t\t\t\t\tdata-qtmplayer-icon=\"file_download\"\n\t\t\t\t\t\tdata-qtmplayer-type=\"track\"\n\t\t\t class=\"qtmplayer-play qtmplayer-link-sec qtmplayer-play-btn\"><i class='material-icons'>play_arrow<\/i><\/span>\n\t\t<p>\n\t\t\t<span class=\"qtmplayer-tit\">Mo\u00e7\u00e2medes ganha um novo campo multiuso<\/span>\n\t\t\t<span class=\"qtmplayer-art\">Ant\u00f3nio Augusto<\/span>\n\t\t<\/p>\n\t<\/li>\n\t\t<\/ul>\n\t<\/div>\t\t\t\n\t\n<p>E, o Administrador do munic\u00edpio de Mo\u00e7\u00e2medes, Aberlado Lemba, n\u00e3o escondia a sua felicidade com o nascimento da nova estrutura. Clique no \u00e1udio abaixo e ou\u00e7a:<\/p>\n\t<div class=\"qtmplayer-playlist-large\">\n\t\t<ul class=\"qtmplayer-playlist\">\n\t\t\t\n\t\t\t\t\t<li class=\"qtmplayer-trackitem\">\n\t\t<img src=\"https:\/\/rna.ao\/rna.ao\/wp-content\/uploads\/2025\/08\/novo-campo-multiuso-100x100.jpg\" alt=\"cover\">\t\t<span \t\t\tdata-qtmplayer-cover=\"https:\/\/rna.ao\/rna.ao\/wp-content\/uploads\/2025\/08\/novo-campo-multiuso.jpg\"\n\t\t\t\t\t\tdata-qtmplayer-file=\"https:\/\/rna.ao\/rna.ao\/wp-content\/uploads\/2025\/08\/P-J-15-ABELARDO-LEMBA-27-08-25.mp3\"\n\t\t\t\t\t\tdata-qtmplayer-title=\"Mo\u00e7\u00e2medes ganha um novo campo multiuso\"\n\t\t\t\t\t\tdata-qtmplayer-artist=\"Ant\u00f3nio Augusto\"\n\t\t\t\t\t\tdata-qtmplayer-link=\"https:\/\/rna.ao\/rna.ao\/2025\/08\/27\/mocamedes-ganha-um-novo-campo-multiuso\/\"\n\t\t\t\t\t\tdata-qtmplayer-icon=\"file_download\"\n\t\t\t\t\t\tdata-qtmplayer-type=\"track\"\n\t\t\t class=\"qtmplayer-play qtmplayer-link-sec qtmplayer-play-btn\"><i class='material-icons'>play_arrow<\/i><\/span>\n\t\t<p>\n\t\t\t<span class=\"qtmplayer-tit\">Mo\u00e7\u00e2medes ganha um novo campo multiuso<\/span>\n\t\t\t<span class=\"qtmplayer-art\">Ant\u00f3nio Augusto<\/span>\n\t\t<\/p>\n\t<\/li>\n\t\t<\/ul>\n\t<\/div>\t\t\t\n\t\n<p>&nbsp;<\/p>\n","protected":false},"excerpt":{"rendered":"<p>A cidade de Mo\u00e7\u00e2medes, na Prov\u00edncia do Namibe, conta com um novo pavilh\u00e3o multiusos, erguido de raiz. Eduardo Mingas, antigo capit\u00e3o da selec\u00e7\u00e3o nacional masculina de Basquetebol que assistiu \u00e0 cerim\u00f3nia, deixou um pertinente apelo \u00e0 juventude. E, o Administrador do munic\u00edpio de Mo\u00e7\u00e2medes, Aberlado Lemba, n\u00e3o escondia a sua ...<\/p>\n","protected":false},"author":23,"featured_media":190242,"comment_status":"closed","ping_status":"closed","sticky":false,"template":"","format":"standard","meta":[],"categories":[145,125,164],"tags":[],"_links":{"self":[{"href":"https:\/\/rna.ao\/rna.ao\/wp-json\/wp\/v2\/posts\/190238"}],"collection":[{"href":"https:\/\/rna.ao\/rna.ao\/wp-json\/wp\/v2\/posts"}],"about":[{"href":"https:\/\/rna.ao\/rna.ao\/wp-json\/wp\/v2\/types\/post"}],"author":[{"embeddable":true,"href":"https:\/\/rna.ao\/rna.ao\/wp-json\/wp\/v2\/users\/23"}],"replies":[{"embeddable":true,"href":"https:\/\/rna.ao\/rna.ao\/wp-json\/wp\/v2\/comments?post=190238"}],"version-history":[{"count":1,"href":"https:\/\/rna.ao\/rna.ao\/wp-json\/wp\/v2\/posts\/190238\/revisions"}],"predecessor-version":[{"id":190243,"href":"https:\/\/rna.ao\/rna.ao\/wp-json\/wp\/v2\/posts\/190238\/revisions\/190243"}],"wp:featuredmedia":[{"embeddable":true,"href":"https:\/\/rna.ao\/rna.ao\/wp-json\/wp\/v2\/media\/190242"}],"wp:attachment":[{"href":"https:\/\/rna.ao\/rna.ao\/wp-json\/wp\/v2\/media?parent=190238"}],"wp:term":[{"taxonomy":"category","embeddable":true,"href":"https:\/\/rna.ao\/rna.ao\/wp-json\/wp\/v2\/categories?post=190238"},{"taxonomy":"post_tag","embeddable":true,"href":"https:\/\/rna.ao\/rna.ao\/wp-json\/wp\/v2\/tags?post=190238"}],"curies":[{"name":"wp","href":"https:\/\/api.w.org\/{rel}","templated":true}]}}