{"id":190185,"date":"2025-08-27T07:13:11","date_gmt":"2025-08-27T06:13:11","guid":{"rendered":"https:\/\/rna.ao\/rna.ao\/?p=190185"},"modified":"2025-08-27T07:13:11","modified_gmt":"2025-08-27T06:13:11","slug":"apima-considera-que-o-sector-privado-esta-em-condicoes-de-contribuir-para-a-reducao-do-defice-habitacional-que-o-pais-enfrenta","status":"publish","type":"post","link":"https:\/\/rna.ao\/rna.ao\/2025\/08\/27\/apima-considera-que-o-sector-privado-esta-em-condicoes-de-contribuir-para-a-reducao-do-defice-habitacional-que-o-pais-enfrenta\/","title":{"rendered":"APIMA considera que o sector privado est\u00e1 em condi\u00e7\u00f5es de contribuir para a redu\u00e7\u00e3o do d\u00e9fice habitacional que o pa\u00eds enfrenta"},"content":{"rendered":"<p><img loading=\"lazy\" class=\"wp-image-131399 aligncenter\" src=\"https:\/\/rna.ao\/rna.ao\/wp-content\/uploads\/2024\/02\/centralidade-Teresa-Antonio-Gomes-770x513.jpg\" alt=\"\" width=\"366\" height=\"244\" srcset=\"https:\/\/rna.ao\/rna.ao\/wp-content\/uploads\/2024\/02\/centralidade-Teresa-Antonio-Gomes-770x513.jpg 770w, https:\/\/rna.ao\/rna.ao\/wp-content\/uploads\/2024\/02\/centralidade-Teresa-Antonio-Gomes-768x512.jpg 768w, https:\/\/rna.ao\/rna.ao\/wp-content\/uploads\/2024\/02\/centralidade-Teresa-Antonio-Gomes.jpg 1116w\" sizes=\"(max-width: 366px) 100vw, 366px\" \/>Associa\u00e7\u00e3o dos Profissionais Imobili\u00e1rios de Angola APIMA,\u00a0 considera que o sector privado est\u00e1 em condi\u00e7\u00f5es de contribuir de forma significativa para a redu\u00e7\u00e3o do d\u00e9fice habitacional que o pa\u00eds enfrenta, desde que haja um maior alinhamento e fortalecimento das pol\u00edticas p\u00fablicas voltadas ao sector.<\/p>\n<p>De acordo com o presidente da APIMA, Massada Kulembala, o papel do Estado deve centrar-se na cria\u00e7\u00e3o de pol\u00edticas que promovam o dinamismo e a atratividade do sector, deixando a execu\u00e7\u00e3o e implementa\u00e7\u00e3o pr\u00e1tica nas m\u00e3os dos operadores privados. Clique no \u00e1udio abaixo e ou\u00e7a:<\/p>\n\t<div class=\"qtmplayer-playlist-large\">\n\t\t<ul class=\"qtmplayer-playlist\">\n\t\t\t\n\t\t\t\t\t<li class=\"qtmplayer-trackitem\">\n\t\t<img src=\"https:\/\/rna.ao\/rna.ao\/wp-content\/uploads\/2025\/04\/centralidades-do-Luongo-e-Lobitoo-100x100.jpg\" alt=\"cover\">\t\t<span \t\t\tdata-qtmplayer-cover=\"https:\/\/rna.ao\/rna.ao\/wp-content\/uploads\/2025\/04\/centralidades-do-Luongo-e-Lobitoo.jpg\"\n\t\t\t\t\t\tdata-qtmplayer-file=\"https:\/\/rna.ao\/rna.ao\/wp-content\/uploads\/2025\/08\/MASSADA-COLEMBALA-1-07-HRS.mp3\"\n\t\t\t\t\t\tdata-qtmplayer-title=\"APIMA considera que o sector privado est\u00e1 em condi\u00e7\u00f5es de contribuir para a redu\u00e7\u00e3o do d\u00e9fice habitacional que o pa\u00eds enfrenta\"\n\t\t\t\t\t\tdata-qtmplayer-artist=\"Ant\u00f3nio Augusto\"\n\t\t\t\t\t\tdata-qtmplayer-link=\"https:\/\/rna.ao\/rna.ao\/2025\/08\/27\/apima-considera-que-o-sector-privado-esta-em-condicoes-de-contribuir-para-a-reducao-do-defice-habitacional-que-o-pais-enfrenta\/\"\n\t\t\t\t\t\tdata-qtmplayer-icon=\"file_download\"\n\t\t\t\t\t\tdata-qtmplayer-type=\"track\"\n\t\t\t class=\"qtmplayer-play qtmplayer-link-sec qtmplayer-play-btn\"><i class='material-icons'>play_arrow<\/i><\/span>\n\t\t<p>\n\t\t\t<span class=\"qtmplayer-tit\">APIMA considera que o sector privado est\u00e1 em condi\u00e7\u00f5es de contribuir para a redu\u00e7\u00e3o do d\u00e9fice habitacional que o pa\u00eds enfrenta<\/span>\n\t\t\t<span class=\"qtmplayer-art\">Ant\u00f3nio Augusto<\/span>\n\t\t<\/p>\n\t<\/li>\n\t\t<\/ul>\n\t<\/div>\t\t\t\n\t\n<p style=\"text-align: justify;\"><span style=\"font-size: 14.0pt; font-family: 'Tahoma',sans-serif;\"><img loading=\"lazy\" class=\"size-full wp-image-111300 aligncenter\" src=\"https:\/\/rna.ao\/rna.ao\/wp-content\/uploads\/2023\/08\/Massada-Antonio-Culembala.jpg\" alt=\"\" width=\"369\" height=\"208\" \/>Massada Kulembala sublinha ainda que a pol\u00edtica habitacional do Executivo deve estar em sintonia com os agentes privados, de modo a garantir o aumento da oferta de habita\u00e7\u00f5es e a promo\u00e7\u00e3o de solu\u00e7\u00f5es habitacionais mais acess\u00edveis para os angolanos. Clique no \u00e1udio abaixo e ou\u00e7a:<\/span><\/p>\n\t<div class=\"qtmplayer-playlist-large\">\n\t\t<ul class=\"qtmplayer-playlist\">\n\t\t\t\n\t\t\t\t\t<li class=\"qtmplayer-trackitem\">\n\t\t<img src=\"https:\/\/rna.ao\/rna.ao\/wp-content\/uploads\/2025\/04\/centralidades-do-Luongo-e-Lobitoo-100x100.jpg\" alt=\"cover\">\t\t<span \t\t\tdata-qtmplayer-cover=\"https:\/\/rna.ao\/rna.ao\/wp-content\/uploads\/2025\/04\/centralidades-do-Luongo-e-Lobitoo.jpg\"\n\t\t\t\t\t\tdata-qtmplayer-file=\"https:\/\/rna.ao\/rna.ao\/wp-content\/uploads\/2025\/08\/MASSADA-CULEMBALA-2-07-HRS.mp3\"\n\t\t\t\t\t\tdata-qtmplayer-title=\"APIMA considera que o sector privado est\u00e1 em condi\u00e7\u00f5es de contribuir para a redu\u00e7\u00e3o do d\u00e9fice habitacional que o pa\u00eds enfrenta\"\n\t\t\t\t\t\tdata-qtmplayer-artist=\"Ant\u00f3nio Augusto\"\n\t\t\t\t\t\tdata-qtmplayer-link=\"https:\/\/rna.ao\/rna.ao\/2025\/08\/27\/apima-considera-que-o-sector-privado-esta-em-condicoes-de-contribuir-para-a-reducao-do-defice-habitacional-que-o-pais-enfrenta\/\"\n\t\t\t\t\t\tdata-qtmplayer-icon=\"file_download\"\n\t\t\t\t\t\tdata-qtmplayer-type=\"track\"\n\t\t\t class=\"qtmplayer-play qtmplayer-link-sec qtmplayer-play-btn\"><i class='material-icons'>play_arrow<\/i><\/span>\n\t\t<p>\n\t\t\t<span class=\"qtmplayer-tit\">APIMA considera que o sector privado est\u00e1 em condi\u00e7\u00f5es de contribuir para a redu\u00e7\u00e3o do d\u00e9fice habitacional que o pa\u00eds enfrenta<\/span>\n\t\t\t<span class=\"qtmplayer-art\">Ant\u00f3nio Augusto<\/span>\n\t\t<\/p>\n\t<\/li>\n\t\t<\/ul>\n\t<\/div>\t\t\t\n\t\n","protected":false},"excerpt":{"rendered":"<p>Associa\u00e7\u00e3o dos Profissionais Imobili\u00e1rios de Angola APIMA,\u00a0 considera que o sector privado est\u00e1 em condi\u00e7\u00f5es de contribuir de forma significativa para a redu\u00e7\u00e3o do d\u00e9fice habitacional que o pa\u00eds enfrenta, desde que haja um maior alinhamento e fortalecimento das pol\u00edticas p\u00fablicas voltadas ao sector. De acordo com o presidente da ...<\/p>\n","protected":false},"author":23,"featured_media":173390,"comment_status":"closed","ping_status":"closed","sticky":false,"template":"","format":"standard","meta":[],"categories":[142,121,163],"tags":[],"_links":{"self":[{"href":"https:\/\/rna.ao\/rna.ao\/wp-json\/wp\/v2\/posts\/190185"}],"collection":[{"href":"https:\/\/rna.ao\/rna.ao\/wp-json\/wp\/v2\/posts"}],"about":[{"href":"https:\/\/rna.ao\/rna.ao\/wp-json\/wp\/v2\/types\/post"}],"author":[{"embeddable":true,"href":"https:\/\/rna.ao\/rna.ao\/wp-json\/wp\/v2\/users\/23"}],"replies":[{"embeddable":true,"href":"https:\/\/rna.ao\/rna.ao\/wp-json\/wp\/v2\/comments?post=190185"}],"version-history":[{"count":1,"href":"https:\/\/rna.ao\/rna.ao\/wp-json\/wp\/v2\/posts\/190185\/revisions"}],"predecessor-version":[{"id":190188,"href":"https:\/\/rna.ao\/rna.ao\/wp-json\/wp\/v2\/posts\/190185\/revisions\/190188"}],"wp:featuredmedia":[{"embeddable":true,"href":"https:\/\/rna.ao\/rna.ao\/wp-json\/wp\/v2\/media\/173390"}],"wp:attachment":[{"href":"https:\/\/rna.ao\/rna.ao\/wp-json\/wp\/v2\/media?parent=190185"}],"wp:term":[{"taxonomy":"category","embeddable":true,"href":"https:\/\/rna.ao\/rna.ao\/wp-json\/wp\/v2\/categories?post=190185"},{"taxonomy":"post_tag","embeddable":true,"href":"https:\/\/rna.ao\/rna.ao\/wp-json\/wp\/v2\/tags?post=190185"}],"curies":[{"name":"wp","href":"https:\/\/api.w.org\/{rel}","templated":true}]}}