{"id":190180,"date":"2025-08-26T22:45:25","date_gmt":"2025-08-26T21:45:25","guid":{"rendered":"https:\/\/rna.ao\/rna.ao\/?p=190180"},"modified":"2025-08-26T22:45:25","modified_gmt":"2025-08-26T21:45:25","slug":"dodeca-campeoes-de-africa-recebidos-pelo-presidente-da-republica-na-cidade-alta","status":"publish","type":"post","link":"https:\/\/rna.ao\/rna.ao\/2025\/08\/26\/dodeca-campeoes-de-africa-recebidos-pelo-presidente-da-republica-na-cidade-alta\/","title":{"rendered":"Dodeca campe\u00f5es de \u00c1frica recebidos pelo Presidente da Rep\u00fablica na Cidade Alta"},"content":{"rendered":"<p><img loading=\"lazy\" class=\"alignnone size-medium wp-image-190181\" src=\"https:\/\/rna.ao\/rna.ao\/wp-content\/uploads\/2025\/08\/IMG_8516-770x514.jpeg\" alt=\"\" width=\"770\" height=\"514\" srcset=\"https:\/\/rna.ao\/rna.ao\/wp-content\/uploads\/2025\/08\/IMG_8516-770x514.jpeg 770w, https:\/\/rna.ao\/rna.ao\/wp-content\/uploads\/2025\/08\/IMG_8516-1170x780.jpeg 1170w, https:\/\/rna.ao\/rna.ao\/wp-content\/uploads\/2025\/08\/IMG_8516-768x512.jpeg 768w, https:\/\/rna.ao\/rna.ao\/wp-content\/uploads\/2025\/08\/IMG_8516-1536x1025.jpeg 1536w, https:\/\/rna.ao\/rna.ao\/wp-content\/uploads\/2025\/08\/IMG_8516.jpeg 2048w\" sizes=\"(max-width: 770px) 100vw, 770px\" \/>O Presidente da Rep\u00fablica, Jo\u00e3o Louren\u00e7o, recebeu na tarde de hoje, no Pal\u00e1cio Presidencial da Cidade Alta, a Selec\u00e7\u00e3o Nacional de Basquetebol, 12 vezes campe\u00e3 de \u00c1frica.<\/p>\n<p>Sob o comando do t\u00e9cnico espanhol Pepe Clar\u00f3s, Angola voltou a erguer o trof\u00e9u do Afrobasket no \u00faltimo domingo, 24 de agosto, ap\u00f3s triunfar na final sobre o Mali, por expressivos 70-43.<\/p>\n<p>Os atletas campe\u00f5es, a equipa t\u00e9cnica e as direc\u00e7\u00f5es do Minist\u00e9rio da Juventude e Desportos e da Federa\u00e7\u00e3o Angolana de Basquetebol cumprimentaram o Casal Presidencial, anfitri\u00f5es da tarde no Sal\u00e3o Nobre.<\/p>\n<p><img loading=\"lazy\" class=\"alignnone size-medium wp-image-190182\" src=\"https:\/\/rna.ao\/rna.ao\/wp-content\/uploads\/2025\/08\/IMG_8517-770x514.jpeg\" alt=\"\" width=\"770\" height=\"514\" srcset=\"https:\/\/rna.ao\/rna.ao\/wp-content\/uploads\/2025\/08\/IMG_8517-770x514.jpeg 770w, https:\/\/rna.ao\/rna.ao\/wp-content\/uploads\/2025\/08\/IMG_8517-1170x780.jpeg 1170w, https:\/\/rna.ao\/rna.ao\/wp-content\/uploads\/2025\/08\/IMG_8517-768x512.jpeg 768w, https:\/\/rna.ao\/rna.ao\/wp-content\/uploads\/2025\/08\/IMG_8517-1536x1025.jpeg 1536w, https:\/\/rna.ao\/rna.ao\/wp-content\/uploads\/2025\/08\/IMG_8517.jpeg 2048w\" sizes=\"(max-width: 770px) 100vw, 770px\" \/>Em ambiente descontra\u00eddo, o Chefe de Estado e a Primeira Dama da Rep\u00fablica interagiram com os basquetebolistas, depois de terem recebido, simbolicamente, a ta\u00e7a conquistada, camisolas da selec\u00e7\u00e3o e uma bola da modalidade.<\/p>\n<p>A cerim\u00f3nia de homenagem aos campe\u00f5es terminou com uma foto de fam\u00edlia no exterior do Pal\u00e1cio Presidencial.<\/p>\n","protected":false},"excerpt":{"rendered":"<p>O Presidente da Rep\u00fablica, Jo\u00e3o Louren\u00e7o, recebeu na tarde de hoje, no Pal\u00e1cio Presidencial da Cidade Alta, a Selec\u00e7\u00e3o Nacional de Basquetebol, 12 vezes campe\u00e3 de \u00c1frica. Sob o comando do t\u00e9cnico espanhol Pepe Clar\u00f3s, Angola voltou a erguer o trof\u00e9u do Afrobasket no \u00faltimo domingo, 24 de agosto, ap\u00f3s ...<\/p>\n","protected":false},"author":16,"featured_media":190183,"comment_status":"closed","ping_status":"closed","sticky":false,"template":"","format":"standard","meta":[],"categories":[121,145,125,164,163],"tags":[],"_links":{"self":[{"href":"https:\/\/rna.ao\/rna.ao\/wp-json\/wp\/v2\/posts\/190180"}],"collection":[{"href":"https:\/\/rna.ao\/rna.ao\/wp-json\/wp\/v2\/posts"}],"about":[{"href":"https:\/\/rna.ao\/rna.ao\/wp-json\/wp\/v2\/types\/post"}],"author":[{"embeddable":true,"href":"https:\/\/rna.ao\/rna.ao\/wp-json\/wp\/v2\/users\/16"}],"replies":[{"embeddable":true,"href":"https:\/\/rna.ao\/rna.ao\/wp-json\/wp\/v2\/comments?post=190180"}],"version-history":[{"count":1,"href":"https:\/\/rna.ao\/rna.ao\/wp-json\/wp\/v2\/posts\/190180\/revisions"}],"predecessor-version":[{"id":190184,"href":"https:\/\/rna.ao\/rna.ao\/wp-json\/wp\/v2\/posts\/190180\/revisions\/190184"}],"wp:featuredmedia":[{"embeddable":true,"href":"https:\/\/rna.ao\/rna.ao\/wp-json\/wp\/v2\/media\/190183"}],"wp:attachment":[{"href":"https:\/\/rna.ao\/rna.ao\/wp-json\/wp\/v2\/media?parent=190180"}],"wp:term":[{"taxonomy":"category","embeddable":true,"href":"https:\/\/rna.ao\/rna.ao\/wp-json\/wp\/v2\/categories?post=190180"},{"taxonomy":"post_tag","embeddable":true,"href":"https:\/\/rna.ao\/rna.ao\/wp-json\/wp\/v2\/tags?post=190180"}],"curies":[{"name":"wp","href":"https:\/\/api.w.org\/{rel}","templated":true}]}}