{"id":19017,"date":"2021-03-10T08:45:42","date_gmt":"2021-03-10T07:45:42","guid":{"rendered":"https:\/\/rna.ao\/rna.ao\/?p=19017"},"modified":"2021-03-10T08:45:42","modified_gmt":"2021-03-10T07:45:42","slug":"unita-bd-e-projecto-pra-ja-apresentam-ponto-de-vista-sobre-a-constituicao-da-republica","status":"publish","type":"post","link":"https:\/\/rna.ao\/rna.ao\/2021\/03\/10\/unita-bd-e-projecto-pra-ja-apresentam-ponto-de-vista-sobre-a-constituicao-da-republica\/","title":{"rendered":"UNITA, BD e projecto PRA-J\u00c1 apresentam ponto de vista sobre a Constitui\u00e7\u00e3o da Rep\u00fablica"},"content":{"rendered":"<p><img loading=\"lazy\" class=\"size-full wp-image-19019 alignleft\" src=\"https:\/\/rna.ao\/rna.ao\/wp-content\/uploads\/2021\/03\/Alvaro-Daniel-UNITA.jpg\" alt=\"\" width=\"275\" height=\"183\" \/>Dois partidos da oposi\u00e7\u00e3o e um projecto pol\u00edtico apresentam esta quarta-feira, 10 de Mar\u00e7o, na capital do pa\u00eds, o seu ponto de vista sobre a Constitui\u00e7\u00e3o da Rep\u00fablica.<\/p>\n<p>Trata-se dos partidos UNITA, Bloco Democr\u00e1tico (BD) de Justino Pinto de Andrade, e o PRA-J\u00c1 projecto pol\u00edtico de Abel Chivukuvuku.<\/p>\n<p>De acordo com o Secret\u00e1rio-Geral da UNITA, \u00c1lvaro Tchikuamanga Daniel, ouve uma posi\u00e7\u00e3o consertada entre as partes. Clique no \u00e1udio e ou\u00e7a:<\/p>\n\t<div class=\"qtmplayer-playlist-large\">\n\t\t<ul class=\"qtmplayer-playlist\">\n\t\t\t\n\t\t\t\t\t<li class=\"qtmplayer-trackitem\">\n\t\t<img src=\"https:\/\/rna.ao\/rna.ao\/wp-content\/uploads\/2021\/03\/Alvaro-Daniel-UNITA-100x100.jpg\" alt=\"cover\">\t\t<span \t\t\tdata-qtmplayer-cover=\"https:\/\/rna.ao\/rna.ao\/wp-content\/uploads\/2021\/03\/Alvaro-Daniel-UNITA.jpg\"\n\t\t\t\t\t\tdata-qtmplayer-file=\"https:\/\/rna.ao\/rna.ao\/wp-content\/uploads\/2021\/03\/ALVARO-DANIEL-10-03-21.mp3\"\n\t\t\t\t\t\tdata-qtmplayer-title=\"UNITA, BD e projecto PRA-J\u00c1 apresentam ponto de vista sobre a Constitui\u00e7\u00e3o da Rep\u00fablica\"\n\t\t\t\t\t\tdata-qtmplayer-artist=\"RNA\"\n\t\t\t\t\t\tdata-qtmplayer-link=\"https:\/\/rna.ao\/rna.ao\/2021\/03\/10\/unita-bd-e-projecto-pra-ja-apresentam-ponto-de-vista-sobre-a-constituicao-da-republica\/\"\n\t\t\t\t\t\tdata-qtmplayer-icon=\"file_download\"\n\t\t\t\t\t\tdata-qtmplayer-type=\"track\"\n\t\t\t class=\"qtmplayer-play qtmplayer-link-sec qtmplayer-play-btn\"><i class='material-icons'>play_arrow<\/i><\/span>\n\t\t<p>\n\t\t\t<span class=\"qtmplayer-tit\">UNITA, BD e projecto PRA-J\u00c1 apresentam ponto de vista sobre a Constitui\u00e7\u00e3o da Rep\u00fablica<\/span>\n\t\t\t<span class=\"qtmplayer-art\">RNA<\/span>\n\t\t<\/p>\n\t<\/li>\n\t\t<\/ul>\n\t<\/div>\t\t\t\n\t\n<p>Fonte: RNA<\/p>\n","protected":false},"excerpt":{"rendered":"<p>Dois partidos da oposi\u00e7\u00e3o e um projecto pol\u00edtico apresentam esta quarta-feira, 10 de Mar\u00e7o, na capital do pa\u00eds, o seu ponto de vista sobre a Constitui\u00e7\u00e3o da Rep\u00fablica. Trata-se dos partidos UNITA, Bloco Democr\u00e1tico (BD) de Justino Pinto de Andrade, e o PRA-J\u00c1 projecto pol\u00edtico de Abel Chivukuvuku. De acordo ...<\/p>\n","protected":false},"author":8,"featured_media":19019,"comment_status":"closed","ping_status":"closed","sticky":false,"template":"","format":"standard","meta":[],"categories":[121,163],"tags":[],"_links":{"self":[{"href":"https:\/\/rna.ao\/rna.ao\/wp-json\/wp\/v2\/posts\/19017"}],"collection":[{"href":"https:\/\/rna.ao\/rna.ao\/wp-json\/wp\/v2\/posts"}],"about":[{"href":"https:\/\/rna.ao\/rna.ao\/wp-json\/wp\/v2\/types\/post"}],"author":[{"embeddable":true,"href":"https:\/\/rna.ao\/rna.ao\/wp-json\/wp\/v2\/users\/8"}],"replies":[{"embeddable":true,"href":"https:\/\/rna.ao\/rna.ao\/wp-json\/wp\/v2\/comments?post=19017"}],"version-history":[{"count":1,"href":"https:\/\/rna.ao\/rna.ao\/wp-json\/wp\/v2\/posts\/19017\/revisions"}],"predecessor-version":[{"id":19020,"href":"https:\/\/rna.ao\/rna.ao\/wp-json\/wp\/v2\/posts\/19017\/revisions\/19020"}],"wp:featuredmedia":[{"embeddable":true,"href":"https:\/\/rna.ao\/rna.ao\/wp-json\/wp\/v2\/media\/19019"}],"wp:attachment":[{"href":"https:\/\/rna.ao\/rna.ao\/wp-json\/wp\/v2\/media?parent=19017"}],"wp:term":[{"taxonomy":"category","embeddable":true,"href":"https:\/\/rna.ao\/rna.ao\/wp-json\/wp\/v2\/categories?post=19017"},{"taxonomy":"post_tag","embeddable":true,"href":"https:\/\/rna.ao\/rna.ao\/wp-json\/wp\/v2\/tags?post=19017"}],"curies":[{"name":"wp","href":"https:\/\/api.w.org\/{rel}","templated":true}]}}