{"id":190135,"date":"2025-08-26T13:02:30","date_gmt":"2025-08-26T12:02:30","guid":{"rendered":"https:\/\/rna.ao\/rna.ao\/?p=190135"},"modified":"2025-08-26T13:03:48","modified_gmt":"2025-08-26T12:03:48","slug":"salario-minimo-nacional-sobe-de-70-mil-para-100-mil-kwanzas-a-partir-de-16-de-setembro","status":"publish","type":"post","link":"https:\/\/rna.ao\/rna.ao\/2025\/08\/26\/salario-minimo-nacional-sobe-de-70-mil-para-100-mil-kwanzas-a-partir-de-16-de-setembro\/","title":{"rendered":"Sal\u00e1rio m\u00ednimo nacional sobe de 70 mil para 100 mil kwanzas a partir de 16 de setembro"},"content":{"rendered":"<p><img loading=\"lazy\" class=\"alignnone size-medium wp-image-190136\" src=\"https:\/\/rna.ao\/rna.ao\/wp-content\/uploads\/2025\/08\/IMG_8490-770x411.jpeg\" alt=\"\" width=\"770\" height=\"411\" srcset=\"https:\/\/rna.ao\/rna.ao\/wp-content\/uploads\/2025\/08\/IMG_8490-770x411.jpeg 770w, https:\/\/rna.ao\/rna.ao\/wp-content\/uploads\/2025\/08\/IMG_8490-768x410.jpeg 768w, https:\/\/rna.ao\/rna.ao\/wp-content\/uploads\/2025\/08\/IMG_8490.jpeg 1080w\" sizes=\"(max-width: 770px) 100vw, 770px\" \/>O Executivo anunciou que o sal\u00e1rio m\u00ednimo nacional vai passar dos actuais 70 mil para 100 mil kwanzas, com efeito a partir de 16 de setembro.<\/p>\n<p>Quanto aos sal\u00e1rios das trabalhadoras dom\u00e9sticas, estes v\u00e3o continuar na ordem dos 50 mil kwanzas, na mesma categoria das microempresas e startups. Jornalista Daniel Marques. Clique no \u00e1udio e ou\u00e7a:<\/p>\n\t<div class=\"qtmplayer-playlist-large\">\n\t\t<ul class=\"qtmplayer-playlist\">\n\t\t\t\n\t\t\t\t\t<li class=\"qtmplayer-trackitem\">\n\t\t<img src=\"https:\/\/rna.ao\/rna.ao\/wp-content\/uploads\/2025\/08\/IMG_8490-100x100.jpeg\" alt=\"cover\">\t\t<span \t\t\tdata-qtmplayer-cover=\"https:\/\/rna.ao\/rna.ao\/wp-content\/uploads\/2025\/08\/IMG_8490-370x370.jpeg\"\n\t\t\t\t\t\tdata-qtmplayer-file=\"https:\/\/rna.ao\/rna.ao\/wp-content\/uploads\/2025\/08\/DANIEL-MARQUES-13HRS-3.mp3\"\n\t\t\t\t\t\tdata-qtmplayer-title=\"Sal\u00e1rio m\u00ednimo nacional sobe de 70 mil para 100 mil kwanzas a partir de 16 de setembro\"\n\t\t\t\t\t\tdata-qtmplayer-artist=\"Juliana Nunes\"\n\t\t\t\t\t\tdata-qtmplayer-link=\"https:\/\/rna.ao\/rna.ao\/2025\/08\/26\/salario-minimo-nacional-sobe-de-70-mil-para-100-mil-kwanzas-a-partir-de-16-de-setembro\/\"\n\t\t\t\t\t\tdata-qtmplayer-icon=\"file_download\"\n\t\t\t\t\t\tdata-qtmplayer-type=\"track\"\n\t\t\t class=\"qtmplayer-play qtmplayer-link-sec qtmplayer-play-btn\"><i class='material-icons'>play_arrow<\/i><\/span>\n\t\t<p>\n\t\t\t<span class=\"qtmplayer-tit\">Sal\u00e1rio m\u00ednimo nacional sobe de 70 mil para 100 mil kwanzas a partir de 16 de setembro<\/span>\n\t\t\t<span class=\"qtmplayer-art\">Juliana Nunes<\/span>\n\t\t<\/p>\n\t<\/li>\n\t\t<\/ul>\n\t<\/div>\t\t\t\n\t\n","protected":false},"excerpt":{"rendered":"<p>O Executivo anunciou que o sal\u00e1rio m\u00ednimo nacional vai passar dos actuais 70 mil para 100 mil kwanzas, com efeito a partir de 16 de setembro. Quanto aos sal\u00e1rios das trabalhadoras dom\u00e9sticas, estes v\u00e3o continuar na ordem dos 50 mil kwanzas, na mesma categoria das microempresas e startups. Jornalista Daniel ...<\/p>\n","protected":false},"author":16,"featured_media":190136,"comment_status":"closed","ping_status":"closed","sticky":false,"template":"","format":"standard","meta":[],"categories":[142,121,164,163],"tags":[],"_links":{"self":[{"href":"https:\/\/rna.ao\/rna.ao\/wp-json\/wp\/v2\/posts\/190135"}],"collection":[{"href":"https:\/\/rna.ao\/rna.ao\/wp-json\/wp\/v2\/posts"}],"about":[{"href":"https:\/\/rna.ao\/rna.ao\/wp-json\/wp\/v2\/types\/post"}],"author":[{"embeddable":true,"href":"https:\/\/rna.ao\/rna.ao\/wp-json\/wp\/v2\/users\/16"}],"replies":[{"embeddable":true,"href":"https:\/\/rna.ao\/rna.ao\/wp-json\/wp\/v2\/comments?post=190135"}],"version-history":[{"count":2,"href":"https:\/\/rna.ao\/rna.ao\/wp-json\/wp\/v2\/posts\/190135\/revisions"}],"predecessor-version":[{"id":190139,"href":"https:\/\/rna.ao\/rna.ao\/wp-json\/wp\/v2\/posts\/190135\/revisions\/190139"}],"wp:featuredmedia":[{"embeddable":true,"href":"https:\/\/rna.ao\/rna.ao\/wp-json\/wp\/v2\/media\/190136"}],"wp:attachment":[{"href":"https:\/\/rna.ao\/rna.ao\/wp-json\/wp\/v2\/media?parent=190135"}],"wp:term":[{"taxonomy":"category","embeddable":true,"href":"https:\/\/rna.ao\/rna.ao\/wp-json\/wp\/v2\/categories?post=190135"},{"taxonomy":"post_tag","embeddable":true,"href":"https:\/\/rna.ao\/rna.ao\/wp-json\/wp\/v2\/tags?post=190135"}],"curies":[{"name":"wp","href":"https:\/\/api.w.org\/{rel}","templated":true}]}}