{"id":190115,"date":"2025-08-26T11:40:05","date_gmt":"2025-08-26T10:40:05","guid":{"rendered":"https:\/\/rna.ao\/rna.ao\/?p=190115"},"modified":"2025-08-26T11:40:44","modified_gmt":"2025-08-26T10:40:44","slug":"operacao-recolha-de-armas-no-bie-com-balanco-positivo-ate-ao-momento-a-policia-nacional-recolheu-perto-de-quinhentas-armas","status":"publish","type":"post","link":"https:\/\/rna.ao\/rna.ao\/2025\/08\/26\/operacao-recolha-de-armas-no-bie-com-balanco-positivo-ate-ao-momento-a-policia-nacional-recolheu-perto-de-quinhentas-armas\/","title":{"rendered":"Opera\u00e7\u00e3o recolha de armas no Bi\u00e9 com balan\u00e7o positivo. At\u00e9 ao momento a Pol\u00edcia Nacional recolheu perto de quinhentas armas"},"content":{"rendered":"<p><img loading=\"lazy\" class=\"alignnone size-medium wp-image-190117\" src=\"https:\/\/rna.ao\/rna.ao\/wp-content\/uploads\/2025\/08\/IMG_8476-770x512.jpeg\" alt=\"\" width=\"770\" height=\"512\" srcset=\"https:\/\/rna.ao\/rna.ao\/wp-content\/uploads\/2025\/08\/IMG_8476-770x512.jpeg 770w, https:\/\/rna.ao\/rna.ao\/wp-content\/uploads\/2025\/08\/IMG_8476-768x511.jpeg 768w, https:\/\/rna.ao\/rna.ao\/wp-content\/uploads\/2025\/08\/IMG_8476.jpeg 918w\" sizes=\"(max-width: 770px) 100vw, 770px\" \/>A opera\u00e7\u00e3o de recolha de armas, na prov\u00edncia do Bi\u00e9, apresenta um balan\u00e7o positivo e entra agora para a sua segunda fase.<\/p>\n<p>Em seis meses, foram recolhidas 493 armas que estavam em posse das empresas de seguran\u00e7a privada. Jornalista Martinho Anselmo Kanequela. Clique no \u00e1udio e ou\u00e7a:<\/p>\n\t<div class=\"qtmplayer-playlist-large\">\n\t\t<ul class=\"qtmplayer-playlist\">\n\t\t\t\n\t\t\t\t\t<li class=\"qtmplayer-trackitem\">\n\t\t<img src=\"https:\/\/rna.ao\/rna.ao\/wp-content\/uploads\/2025\/08\/IMG_8476-100x100.jpeg\" alt=\"cover\">\t\t<span \t\t\tdata-qtmplayer-cover=\"https:\/\/rna.ao\/rna.ao\/wp-content\/uploads\/2025\/08\/IMG_8476-370x370.jpeg\"\n\t\t\t\t\t\tdata-qtmplayer-file=\"https:\/\/rna.ao\/rna.ao\/wp-content\/uploads\/2025\/08\/BIE-RECOLHIDA-MAIS-DE-490-ARMAS-DE-GUERRA-7HRS.mp3\"\n\t\t\t\t\t\tdata-qtmplayer-title=\"Opera\u00e7\u00e3o recolha de armas no Bi\u00e9 com balan\u00e7o positivo. At\u00e9 ao momento a Pol\u00edcia Nacional recolheu perto de quinhentas armas\"\n\t\t\t\t\t\tdata-qtmplayer-artist=\"Juliana Nunes\"\n\t\t\t\t\t\tdata-qtmplayer-link=\"https:\/\/rna.ao\/rna.ao\/2025\/08\/26\/operacao-recolha-de-armas-no-bie-com-balanco-positivo-ate-ao-momento-a-policia-nacional-recolheu-perto-de-quinhentas-armas\/\"\n\t\t\t\t\t\tdata-qtmplayer-icon=\"file_download\"\n\t\t\t\t\t\tdata-qtmplayer-type=\"track\"\n\t\t\t class=\"qtmplayer-play qtmplayer-link-sec qtmplayer-play-btn\"><i class='material-icons'>play_arrow<\/i><\/span>\n\t\t<p>\n\t\t\t<span class=\"qtmplayer-tit\">Opera\u00e7\u00e3o recolha de armas no Bi\u00e9 com balan\u00e7o positivo. At\u00e9 ao momento a Pol\u00edcia Nacional recolheu perto de quinhentas armas<\/span>\n\t\t\t<span class=\"qtmplayer-art\">Juliana Nunes<\/span>\n\t\t<\/p>\n\t<\/li>\n\t\t<\/ul>\n\t<\/div>\t\t\t\n\t\n","protected":false},"excerpt":{"rendered":"<p>A opera\u00e7\u00e3o de recolha de armas, na prov\u00edncia do Bi\u00e9, apresenta um balan\u00e7o positivo e entra agora para a sua segunda fase. Em seis meses, foram recolhidas 493 armas que estavam em posse das empresas de seguran\u00e7a privada. Jornalista Martinho Anselmo Kanequela. Clique no \u00e1udio e ou\u00e7a:<\/p>\n","protected":false},"author":16,"featured_media":190117,"comment_status":"closed","ping_status":"closed","sticky":false,"template":"","format":"standard","meta":[],"categories":[142,121,164,1],"tags":[],"_links":{"self":[{"href":"https:\/\/rna.ao\/rna.ao\/wp-json\/wp\/v2\/posts\/190115"}],"collection":[{"href":"https:\/\/rna.ao\/rna.ao\/wp-json\/wp\/v2\/posts"}],"about":[{"href":"https:\/\/rna.ao\/rna.ao\/wp-json\/wp\/v2\/types\/post"}],"author":[{"embeddable":true,"href":"https:\/\/rna.ao\/rna.ao\/wp-json\/wp\/v2\/users\/16"}],"replies":[{"embeddable":true,"href":"https:\/\/rna.ao\/rna.ao\/wp-json\/wp\/v2\/comments?post=190115"}],"version-history":[{"count":2,"href":"https:\/\/rna.ao\/rna.ao\/wp-json\/wp\/v2\/posts\/190115\/revisions"}],"predecessor-version":[{"id":190120,"href":"https:\/\/rna.ao\/rna.ao\/wp-json\/wp\/v2\/posts\/190115\/revisions\/190120"}],"wp:featuredmedia":[{"embeddable":true,"href":"https:\/\/rna.ao\/rna.ao\/wp-json\/wp\/v2\/media\/190117"}],"wp:attachment":[{"href":"https:\/\/rna.ao\/rna.ao\/wp-json\/wp\/v2\/media?parent=190115"}],"wp:term":[{"taxonomy":"category","embeddable":true,"href":"https:\/\/rna.ao\/rna.ao\/wp-json\/wp\/v2\/categories?post=190115"},{"taxonomy":"post_tag","embeddable":true,"href":"https:\/\/rna.ao\/rna.ao\/wp-json\/wp\/v2\/tags?post=190115"}],"curies":[{"name":"wp","href":"https:\/\/api.w.org\/{rel}","templated":true}]}}