{"id":18988,"date":"2021-03-09T08:17:52","date_gmt":"2021-03-09T07:17:52","guid":{"rendered":"https:\/\/rna.ao\/rna.ao\/?p=18988"},"modified":"2021-03-10T09:32:41","modified_gmt":"2021-03-10T08:32:41","slug":"novas-variantes-do-virus-sars-cov-2-sul-africana-e-inglesa-ja-circulam-em-angola","status":"publish","type":"post","link":"https:\/\/rna.ao\/rna.ao\/2021\/03\/09\/novas-variantes-do-virus-sars-cov-2-sul-africana-e-inglesa-ja-circulam-em-angola\/","title":{"rendered":"Novas variantes do v\u00edrus SARS-COV-2 sul-africana e inglesa j\u00e1 circulam em Angola"},"content":{"rendered":"<p><img loading=\"lazy\" class=\"size-full wp-image-13597 alignleft\" src=\"https:\/\/rna.ao\/rna.ao\/wp-content\/uploads\/2020\/12\/Silvia-Lutucuta-99.jpg\" alt=\"\" width=\"336\" height=\"224\" \/>A Ministra da Sa\u00fade, S\u00edlvia Lutucuta, anunciou que foram registados na capital do pa\u00eds, Luanda, os primeiros casos das novas variantes, sul-africana e inglesa, do v\u00edrus SARS-COV-2.<\/p>\n<p>S\u00edlvia Lutucuta que falava segunda-feira, 08 de Mar\u00e7o, em confer\u00eancia de imprensa, explicou que os casos detectados levaram as autoridades angolanas, a fazer o rastreio de outras variantes ainda por determinar a origem. Clique no \u00e1udio e ou\u00e7a:<\/p>\n\t<div class=\"qtmplayer-playlist-large\">\n\t\t<ul class=\"qtmplayer-playlist\">\n\t\t\t\n\t\t\t\t\t<li class=\"qtmplayer-trackitem\">\n\t\t<img src=\"https:\/\/rna.ao\/rna.ao\/wp-content\/uploads\/2020\/12\/Silvia-Lutucuta-99-100x100.jpg\" alt=\"cover\">\t\t<span \t\t\tdata-qtmplayer-cover=\"https:\/\/rna.ao\/rna.ao\/wp-content\/uploads\/2020\/12\/Silvia-Lutucuta-99.jpg\"\n\t\t\t\t\t\tdata-qtmplayer-file=\"https:\/\/rna.ao\/rna.ao\/wp-content\/uploads\/2021\/03\/SILVIA-LUTUCUTA-09-03.mp3\"\n\t\t\t\t\t\tdata-qtmplayer-title=\"Novas variantes do v\u00edrus SARS-COV-2 sul-africana e inglesa j\u00e1 circulam em Angola\"\n\t\t\t\t\t\tdata-qtmplayer-artist=\"RNA\"\n\t\t\t\t\t\tdata-qtmplayer-link=\"https:\/\/rna.ao\/rna.ao\/2021\/03\/09\/novas-variantes-do-virus-sars-cov-2-sul-africana-e-inglesa-ja-circulam-em-angola\/\"\n\t\t\t\t\t\tdata-qtmplayer-icon=\"file_download\"\n\t\t\t\t\t\tdata-qtmplayer-type=\"track\"\n\t\t\t class=\"qtmplayer-play qtmplayer-link-sec qtmplayer-play-btn\"><i class='material-icons'>play_arrow<\/i><\/span>\n\t\t<p>\n\t\t\t<span class=\"qtmplayer-tit\">Novas variantes do v\u00edrus SARS-COV-2 sul-africana e inglesa j\u00e1 circulam em Angola<\/span>\n\t\t\t<span class=\"qtmplayer-art\">RNA<\/span>\n\t\t<\/p>\n\t<\/li>\n\t\t<\/ul>\n\t<\/div>\t\t\t\n\t\n<p>Fonte: RNA<\/p>\n","protected":false},"excerpt":{"rendered":"<p>A Ministra da Sa\u00fade, S\u00edlvia Lutucuta, anunciou que foram registados na capital do pa\u00eds, Luanda, os primeiros casos das novas variantes, sul-africana e inglesa, do v\u00edrus SARS-COV-2. S\u00edlvia Lutucuta que falava segunda-feira, 08 de Mar\u00e7o, em confer\u00eancia de imprensa, explicou que os casos detectados levaram as autoridades angolanas, a fazer ...<\/p>\n","protected":false},"author":8,"featured_media":13597,"comment_status":"closed","ping_status":"closed","sticky":false,"template":"","format":"standard","meta":[],"categories":[142,121,164,163],"tags":[],"_links":{"self":[{"href":"https:\/\/rna.ao\/rna.ao\/wp-json\/wp\/v2\/posts\/18988"}],"collection":[{"href":"https:\/\/rna.ao\/rna.ao\/wp-json\/wp\/v2\/posts"}],"about":[{"href":"https:\/\/rna.ao\/rna.ao\/wp-json\/wp\/v2\/types\/post"}],"author":[{"embeddable":true,"href":"https:\/\/rna.ao\/rna.ao\/wp-json\/wp\/v2\/users\/8"}],"replies":[{"embeddable":true,"href":"https:\/\/rna.ao\/rna.ao\/wp-json\/wp\/v2\/comments?post=18988"}],"version-history":[{"count":3,"href":"https:\/\/rna.ao\/rna.ao\/wp-json\/wp\/v2\/posts\/18988\/revisions"}],"predecessor-version":[{"id":18994,"href":"https:\/\/rna.ao\/rna.ao\/wp-json\/wp\/v2\/posts\/18988\/revisions\/18994"}],"wp:featuredmedia":[{"embeddable":true,"href":"https:\/\/rna.ao\/rna.ao\/wp-json\/wp\/v2\/media\/13597"}],"wp:attachment":[{"href":"https:\/\/rna.ao\/rna.ao\/wp-json\/wp\/v2\/media?parent=18988"}],"wp:term":[{"taxonomy":"category","embeddable":true,"href":"https:\/\/rna.ao\/rna.ao\/wp-json\/wp\/v2\/categories?post=18988"},{"taxonomy":"post_tag","embeddable":true,"href":"https:\/\/rna.ao\/rna.ao\/wp-json\/wp\/v2\/tags?post=18988"}],"curies":[{"name":"wp","href":"https:\/\/api.w.org\/{rel}","templated":true}]}}