{"id":18965,"date":"2021-03-08T15:20:45","date_gmt":"2021-03-08T14:20:45","guid":{"rendered":"https:\/\/rna.ao\/rna.ao\/?p=18965"},"modified":"2021-03-08T15:26:46","modified_gmt":"2021-03-08T14:26:46","slug":"primeira-dama-da-republica-valoriza-participacao-das-mulheres-em-diferentes-areas-do-saber","status":"publish","type":"post","link":"https:\/\/rna.ao\/rna.ao\/2021\/03\/08\/primeira-dama-da-republica-valoriza-participacao-das-mulheres-em-diferentes-areas-do-saber\/","title":{"rendered":"Primeira-Dama da Rep\u00fablica valoriza participa\u00e7\u00e3o das mulheres em diferentes \u00e1reas do saber"},"content":{"rendered":"<p><img loading=\"lazy\" class=\"size-full wp-image-18969 alignleft\" src=\"https:\/\/rna.ao\/rna.ao\/wp-content\/uploads\/2021\/03\/Ana-Dias-Lourenco.jpg\" alt=\"\" width=\"248\" height=\"165\" \/>A Primeira-Dama da Rep\u00fablica, Ana Dias Louren\u00e7o, afirmou que a pandemia da Covid-19 permitiu observar, que num momento de profunda ang\u00fastia, a participa\u00e7\u00e3o activa e a resili\u00eancia das mulheres \u00e9 fundamental, para a resposta r\u00e1pida das diferentes situa\u00e7\u00f5es de \u00edndole social e econ\u00f3mica.<\/p>\n<p>Ana Dias Louren\u00e7o proferiu uma declara\u00e7\u00e3o ao sistema de r\u00e1dio e televis\u00e3o, da Organiza\u00e7\u00e3o das Na\u00e7\u00f5es Unidas, a ONU News, por ocasi\u00e3o do dia internacional da mulher, que se assinala esta segunda-feira, 08 de Mar\u00e7o.<\/p>\n<p>A Primeira-Dama valoriza a participa\u00e7\u00e3o activa de um conjunto de mulheres, nas diferentes \u00e1reas do saber, na busca de solu\u00e7\u00f5es, na tomada de medidas, e na linha da frente no combate \u00e0 pandemia, e o tratamento dos doentes. Clique no \u00e1udio, abaixo, e ou\u00e7a:<\/p>\n\t<div class=\"qtmplayer-playlist-large\">\n\t\t<ul class=\"qtmplayer-playlist\">\n\t\t\t\n\t\t\t\t\t<li class=\"qtmplayer-trackitem\">\n\t\t<img src=\"https:\/\/rna.ao\/rna.ao\/wp-content\/uploads\/2021\/03\/Ana-Dias-Lourenco-100x100.jpg\" alt=\"cover\">\t\t<span \t\t\tdata-qtmplayer-cover=\"https:\/\/rna.ao\/rna.ao\/wp-content\/uploads\/2021\/03\/Ana-Dias-Lourenco.jpg\"\n\t\t\t\t\t\tdata-qtmplayer-file=\"https:\/\/rna.ao\/rna.ao\/wp-content\/uploads\/2021\/03\/ANA-1.mp3\"\n\t\t\t\t\t\tdata-qtmplayer-title=\"Primeira-Dama da Rep\u00fablica valoriza participa\u00e7\u00e3o das mulheres em diferentes \u00e1reas do saber\"\n\t\t\t\t\t\tdata-qtmplayer-artist=\"RNA\"\n\t\t\t\t\t\tdata-qtmplayer-link=\"https:\/\/rna.ao\/rna.ao\/2021\/03\/08\/primeira-dama-da-republica-valoriza-participacao-das-mulheres-em-diferentes-areas-do-saber\/\"\n\t\t\t\t\t\tdata-qtmplayer-icon=\"file_download\"\n\t\t\t\t\t\tdata-qtmplayer-type=\"track\"\n\t\t\t class=\"qtmplayer-play qtmplayer-link-sec qtmplayer-play-btn\"><i class='material-icons'>play_arrow<\/i><\/span>\n\t\t<p>\n\t\t\t<span class=\"qtmplayer-tit\">Primeira-Dama da Rep\u00fablica valoriza participa\u00e7\u00e3o das mulheres em diferentes \u00e1reas do saber<\/span>\n\t\t\t<span class=\"qtmplayer-art\">RNA<\/span>\n\t\t<\/p>\n\t<\/li>\n\t\t<\/ul>\n\t<\/div>\t\t\t\n\t\n<p>A Primeira-Dama sublinha que as mulheres devem estar preparadas, para o p\u00f3s-pandemia, no sentido de dar solu\u00e7\u00e3o aos desafios e problemas que se agravaram, por for\u00e7a dos confinamentos e da retrac\u00e7\u00e3o econ\u00f3mica. Clique no \u00e1udio e ou\u00e7a:<\/p>\n\t<div class=\"qtmplayer-playlist-large\">\n\t\t<ul class=\"qtmplayer-playlist\">\n\t\t\t\n\t\t\t\t\t<li class=\"qtmplayer-trackitem\">\n\t\t<img src=\"https:\/\/rna.ao\/rna.ao\/wp-content\/uploads\/2021\/03\/Ana-Dias-Lourenco-100x100.jpg\" alt=\"cover\">\t\t<span \t\t\tdata-qtmplayer-cover=\"https:\/\/rna.ao\/rna.ao\/wp-content\/uploads\/2021\/03\/Ana-Dias-Lourenco.jpg\"\n\t\t\t\t\t\tdata-qtmplayer-file=\"https:\/\/rna.ao\/rna.ao\/wp-content\/uploads\/2021\/03\/ANA-2.mp3\"\n\t\t\t\t\t\tdata-qtmplayer-title=\"Primeira-Dama da Rep\u00fablica valoriza participa\u00e7\u00e3o das mulheres em diferentes \u00e1reas do saber\"\n\t\t\t\t\t\tdata-qtmplayer-artist=\"RNA\"\n\t\t\t\t\t\tdata-qtmplayer-link=\"https:\/\/rna.ao\/rna.ao\/2021\/03\/08\/primeira-dama-da-republica-valoriza-participacao-das-mulheres-em-diferentes-areas-do-saber\/\"\n\t\t\t\t\t\tdata-qtmplayer-icon=\"file_download\"\n\t\t\t\t\t\tdata-qtmplayer-type=\"track\"\n\t\t\t class=\"qtmplayer-play qtmplayer-link-sec qtmplayer-play-btn\"><i class='material-icons'>play_arrow<\/i><\/span>\n\t\t<p>\n\t\t\t<span class=\"qtmplayer-tit\">Primeira-Dama da Rep\u00fablica valoriza participa\u00e7\u00e3o das mulheres em diferentes \u00e1reas do saber<\/span>\n\t\t\t<span class=\"qtmplayer-art\">RNA<\/span>\n\t\t<\/p>\n\t<\/li>\n\t\t<\/ul>\n\t<\/div>\t\t\t\n\t\n<p>Ana Dias Louren\u00e7o garante que vai continuar a defender a aposta na educa\u00e7\u00e3o, como sendo absolutamente essencial, para um desenvolvimento integrado e sustent\u00e1vel. Clique no \u00e1udio e ou\u00e7a:<\/p>\n\t<div class=\"qtmplayer-playlist-large\">\n\t\t<ul class=\"qtmplayer-playlist\">\n\t\t\t\n\t\t\t\t\t<li class=\"qtmplayer-trackitem\">\n\t\t<img src=\"https:\/\/rna.ao\/rna.ao\/wp-content\/uploads\/2021\/03\/Ana-Dias-Lourenco-100x100.jpg\" alt=\"cover\">\t\t<span \t\t\tdata-qtmplayer-cover=\"https:\/\/rna.ao\/rna.ao\/wp-content\/uploads\/2021\/03\/Ana-Dias-Lourenco.jpg\"\n\t\t\t\t\t\tdata-qtmplayer-file=\"https:\/\/rna.ao\/rna.ao\/wp-content\/uploads\/2021\/03\/ANA-3.mp3\"\n\t\t\t\t\t\tdata-qtmplayer-title=\"Primeira-Dama da Rep\u00fablica valoriza participa\u00e7\u00e3o das mulheres em diferentes \u00e1reas do saber\"\n\t\t\t\t\t\tdata-qtmplayer-artist=\"RNA\"\n\t\t\t\t\t\tdata-qtmplayer-link=\"https:\/\/rna.ao\/rna.ao\/2021\/03\/08\/primeira-dama-da-republica-valoriza-participacao-das-mulheres-em-diferentes-areas-do-saber\/\"\n\t\t\t\t\t\tdata-qtmplayer-icon=\"file_download\"\n\t\t\t\t\t\tdata-qtmplayer-type=\"track\"\n\t\t\t class=\"qtmplayer-play qtmplayer-link-sec qtmplayer-play-btn\"><i class='material-icons'>play_arrow<\/i><\/span>\n\t\t<p>\n\t\t\t<span class=\"qtmplayer-tit\">Primeira-Dama da Rep\u00fablica valoriza participa\u00e7\u00e3o das mulheres em diferentes \u00e1reas do saber<\/span>\n\t\t\t<span class=\"qtmplayer-art\">RNA<\/span>\n\t\t<\/p>\n\t<\/li>\n\t\t<\/ul>\n\t<\/div>\t\t\t\n\t\n<p>Fonte: RNA<\/p>\n","protected":false},"excerpt":{"rendered":"<p>A Primeira-Dama da Rep\u00fablica, Ana Dias Louren\u00e7o, afirmou que a pandemia da Covid-19 permitiu observar, que num momento de profunda ang\u00fastia, a participa\u00e7\u00e3o activa e a resili\u00eancia das mulheres \u00e9 fundamental, para a resposta r\u00e1pida das diferentes situa\u00e7\u00f5es de \u00edndole social e econ\u00f3mica. Ana Dias Louren\u00e7o proferiu uma declara\u00e7\u00e3o ao ...<\/p>\n","protected":false},"author":8,"featured_media":18969,"comment_status":"closed","ping_status":"closed","sticky":false,"template":"","format":"standard","meta":[],"categories":[142,121,163],"tags":[],"_links":{"self":[{"href":"https:\/\/rna.ao\/rna.ao\/wp-json\/wp\/v2\/posts\/18965"}],"collection":[{"href":"https:\/\/rna.ao\/rna.ao\/wp-json\/wp\/v2\/posts"}],"about":[{"href":"https:\/\/rna.ao\/rna.ao\/wp-json\/wp\/v2\/types\/post"}],"author":[{"embeddable":true,"href":"https:\/\/rna.ao\/rna.ao\/wp-json\/wp\/v2\/users\/8"}],"replies":[{"embeddable":true,"href":"https:\/\/rna.ao\/rna.ao\/wp-json\/wp\/v2\/comments?post=18965"}],"version-history":[{"count":2,"href":"https:\/\/rna.ao\/rna.ao\/wp-json\/wp\/v2\/posts\/18965\/revisions"}],"predecessor-version":[{"id":18975,"href":"https:\/\/rna.ao\/rna.ao\/wp-json\/wp\/v2\/posts\/18965\/revisions\/18975"}],"wp:featuredmedia":[{"embeddable":true,"href":"https:\/\/rna.ao\/rna.ao\/wp-json\/wp\/v2\/media\/18969"}],"wp:attachment":[{"href":"https:\/\/rna.ao\/rna.ao\/wp-json\/wp\/v2\/media?parent=18965"}],"wp:term":[{"taxonomy":"category","embeddable":true,"href":"https:\/\/rna.ao\/rna.ao\/wp-json\/wp\/v2\/categories?post=18965"},{"taxonomy":"post_tag","embeddable":true,"href":"https:\/\/rna.ao\/rna.ao\/wp-json\/wp\/v2\/tags?post=18965"}],"curies":[{"name":"wp","href":"https:\/\/api.w.org\/{rel}","templated":true}]}}