{"id":18962,"date":"2021-03-08T15:13:54","date_gmt":"2021-03-08T14:13:54","guid":{"rendered":"https:\/\/rna.ao\/rna.ao\/?p=18962"},"modified":"2021-03-10T09:33:07","modified_gmt":"2021-03-10T08:33:07","slug":"pastores-angolanos-e-brasileiros-da-igreja-universal-vao-a-julgamento-este-mes","status":"publish","type":"post","link":"https:\/\/rna.ao\/rna.ao\/2021\/03\/08\/pastores-angolanos-e-brasileiros-da-igreja-universal-vao-a-julgamento-este-mes\/","title":{"rendered":"Pastores angolanos e brasileiros da Igreja Universal v\u00e3o a julgamento este m\u00eas"},"content":{"rendered":"<p><img loading=\"lazy\" class=\"size-full wp-image-13934 alignleft\" src=\"https:\/\/rna.ao\/rna.ao\/wp-content\/uploads\/2020\/12\/IURD-Morro-Bento.jpg\" alt=\"\" width=\"338\" height=\"216\" \/>Os pastores angolanos e brasileiros acusados, supostamente, de pr\u00e1ticas de vasectomia e evas\u00e3o de divisas, na Igreja Universal do Reino de Deus, v\u00e3o a julgamento ainda este m\u00eas de Mar\u00e7o.<\/p>\n<p>Est\u00e3o a ser ouvidos os pastores coagidos a se submeterem \u00e0 vasectomia, e os que cometeram v\u00e1rios outros crimes como de esbulho, viol\u00eancia f\u00edsica e verbal, atrav\u00e9s da comunica\u00e7\u00e3o social. Ou\u00e7a, abaixo, toda informa\u00e7\u00e3o com mais desenvolvimento na reportagem com Ant\u00f3nio Chocolate:<\/p>\n\t<div class=\"qtmplayer-playlist-large\">\n\t\t<ul class=\"qtmplayer-playlist\">\n\t\t\t\n\t\t\t\t\t<li class=\"qtmplayer-trackitem\">\n\t\t<img src=\"https:\/\/rna.ao\/rna.ao\/wp-content\/uploads\/2020\/12\/IURD-Morro-Bento-100x100.jpg\" alt=\"cover\">\t\t<span \t\t\tdata-qtmplayer-cover=\"https:\/\/rna.ao\/rna.ao\/wp-content\/uploads\/2020\/12\/IURD-Morro-Bento.jpg\"\n\t\t\t\t\t\tdata-qtmplayer-file=\"https:\/\/rna.ao\/rna.ao\/wp-content\/uploads\/2021\/03\/ANTONIO-CHOCOLATE.mp3\"\n\t\t\t\t\t\tdata-qtmplayer-title=\"Pastores angolanos e brasileiros da Igreja Universal v\u00e3o a julgamento este m\u00eas\"\n\t\t\t\t\t\tdata-qtmplayer-artist=\"RNA\"\n\t\t\t\t\t\tdata-qtmplayer-link=\"https:\/\/rna.ao\/rna.ao\/2021\/03\/08\/pastores-angolanos-e-brasileiros-da-igreja-universal-vao-a-julgamento-este-mes\/\"\n\t\t\t\t\t\tdata-qtmplayer-icon=\"file_download\"\n\t\t\t\t\t\tdata-qtmplayer-type=\"track\"\n\t\t\t class=\"qtmplayer-play qtmplayer-link-sec qtmplayer-play-btn\"><i class='material-icons'>play_arrow<\/i><\/span>\n\t\t<p>\n\t\t\t<span class=\"qtmplayer-tit\">Pastores angolanos e brasileiros da Igreja Universal v\u00e3o a julgamento este m\u00eas<\/span>\n\t\t\t<span class=\"qtmplayer-art\">RNA<\/span>\n\t\t<\/p>\n\t<\/li>\n\t\t<\/ul>\n\t<\/div>\t\t\t\n\t\n<p>Fonte: RNA<\/p>\n","protected":false},"excerpt":{"rendered":"<p>Os pastores angolanos e brasileiros acusados, supostamente, de pr\u00e1ticas de vasectomia e evas\u00e3o de divisas, na Igreja Universal do Reino de Deus, v\u00e3o a julgamento ainda este m\u00eas de Mar\u00e7o. Est\u00e3o a ser ouvidos os pastores coagidos a se submeterem \u00e0 vasectomia, e os que cometeram v\u00e1rios outros crimes como ...<\/p>\n","protected":false},"author":8,"featured_media":13934,"comment_status":"closed","ping_status":"closed","sticky":false,"template":"","format":"standard","meta":[],"categories":[121,164,163],"tags":[],"_links":{"self":[{"href":"https:\/\/rna.ao\/rna.ao\/wp-json\/wp\/v2\/posts\/18962"}],"collection":[{"href":"https:\/\/rna.ao\/rna.ao\/wp-json\/wp\/v2\/posts"}],"about":[{"href":"https:\/\/rna.ao\/rna.ao\/wp-json\/wp\/v2\/types\/post"}],"author":[{"embeddable":true,"href":"https:\/\/rna.ao\/rna.ao\/wp-json\/wp\/v2\/users\/8"}],"replies":[{"embeddable":true,"href":"https:\/\/rna.ao\/rna.ao\/wp-json\/wp\/v2\/comments?post=18962"}],"version-history":[{"count":2,"href":"https:\/\/rna.ao\/rna.ao\/wp-json\/wp\/v2\/posts\/18962\/revisions"}],"predecessor-version":[{"id":18974,"href":"https:\/\/rna.ao\/rna.ao\/wp-json\/wp\/v2\/posts\/18962\/revisions\/18974"}],"wp:featuredmedia":[{"embeddable":true,"href":"https:\/\/rna.ao\/rna.ao\/wp-json\/wp\/v2\/media\/13934"}],"wp:attachment":[{"href":"https:\/\/rna.ao\/rna.ao\/wp-json\/wp\/v2\/media?parent=18962"}],"wp:term":[{"taxonomy":"category","embeddable":true,"href":"https:\/\/rna.ao\/rna.ao\/wp-json\/wp\/v2\/categories?post=18962"},{"taxonomy":"post_tag","embeddable":true,"href":"https:\/\/rna.ao\/rna.ao\/wp-json\/wp\/v2\/tags?post=18962"}],"curies":[{"name":"wp","href":"https:\/\/api.w.org\/{rel}","templated":true}]}}