{"id":187739,"date":"2025-08-01T13:37:26","date_gmt":"2025-08-01T12:37:26","guid":{"rendered":"https:\/\/rna.ao\/rna.ao\/?p=187739"},"modified":"2025-08-01T13:37:02","modified_gmt":"2025-08-01T12:37:02","slug":"executivo-vai-aprovar-medidas-de-apoio-as-empresas-atingidas-pelos-actos-de-vandalismo-e-pilhagem-para-manutencao-dos-postos-de-trabalh","status":"publish","type":"post","link":"https:\/\/rna.ao\/rna.ao\/2025\/08\/01\/executivo-vai-aprovar-medidas-de-apoio-as-empresas-atingidas-pelos-actos-de-vandalismo-e-pilhagem-para-manutencao-dos-postos-de-trabalh\/","title":{"rendered":"Executivo vai aprovar medidas de apoio \u00e0s empresas atingidas pelos actos de vandalismo e pilhagem para manuten\u00e7\u00e3o dos postos de trabalho"},"content":{"rendered":"<p><img loading=\"lazy\" class=\"alignnone size-medium wp-image-187740\" src=\"https:\/\/rna.ao\/rna.ao\/wp-content\/uploads\/2025\/08\/IMG_7313-578x770.jpeg\" alt=\"\" width=\"578\" height=\"770\" srcset=\"https:\/\/rna.ao\/rna.ao\/wp-content\/uploads\/2025\/08\/IMG_7313-578x770.jpeg 578w, https:\/\/rna.ao\/rna.ao\/wp-content\/uploads\/2025\/08\/IMG_7313.jpeg 720w\" sizes=\"(max-width: 578px) 100vw, 578px\" \/>O Presidente da Rep\u00fablica acredita que os actos de vandalismo contra empresas p\u00fablicas, privadas e estabelecimentos comerciais apenas v\u00eam desencorajar o investimento privado no pa\u00eds, sendo entendidos como sabotagem \u00e0 economia.<\/p>\n<p>Jo\u00e3o Louren\u00e7o revelou que o Executivo vai aprovar, j\u00e1 na pr\u00f3xima segunda-feira, apoios \u00e0s empresas atingidas pelos actos de vandalismo e pilhagem, com vista \u00e0 manuten\u00e7\u00e3o dos postos de trabalho. Clique no \u00e1udio e ou\u00e7a:<\/p>\n\t<div class=\"qtmplayer-playlist-large\">\n\t\t<ul class=\"qtmplayer-playlist\">\n\t\t\t\n\t\t\t\t\t<li class=\"qtmplayer-trackitem\">\n\t\t<img src=\"https:\/\/rna.ao\/rna.ao\/wp-content\/uploads\/2025\/08\/IMG_7313-100x100.jpeg\" alt=\"cover\">\t\t<span \t\t\tdata-qtmplayer-cover=\"https:\/\/rna.ao\/rna.ao\/wp-content\/uploads\/2025\/08\/IMG_7313-370x370.jpeg\"\n\t\t\t\t\t\tdata-qtmplayer-file=\"https:\/\/rna.ao\/rna.ao\/wp-content\/uploads\/2025\/08\/JOAO-LOURENCO-4-13-HRS.mp3\"\n\t\t\t\t\t\tdata-qtmplayer-title=\"Executivo vai aprovar medidas de apoio \u00e0s empresas atingidas pelos actos de vandalismo e pilhagem para manuten\u00e7\u00e3o dos postos de trabalho\"\n\t\t\t\t\t\tdata-qtmplayer-artist=\"Juliana Nunes\"\n\t\t\t\t\t\tdata-qtmplayer-link=\"https:\/\/rna.ao\/rna.ao\/2025\/08\/01\/executivo-vai-aprovar-medidas-de-apoio-as-empresas-atingidas-pelos-actos-de-vandalismo-e-pilhagem-para-manutencao-dos-postos-de-trabalh\/\"\n\t\t\t\t\t\tdata-qtmplayer-icon=\"file_download\"\n\t\t\t\t\t\tdata-qtmplayer-type=\"track\"\n\t\t\t class=\"qtmplayer-play qtmplayer-link-sec qtmplayer-play-btn\"><i class='material-icons'>play_arrow<\/i><\/span>\n\t\t<p>\n\t\t\t<span class=\"qtmplayer-tit\">Executivo vai aprovar medidas de apoio \u00e0s empresas atingidas pelos actos de vandalismo e pilhagem para manuten\u00e7\u00e3o dos postos de trabalho<\/span>\n\t\t\t<span class=\"qtmplayer-art\">Juliana Nunes<\/span>\n\t\t<\/p>\n\t<\/li>\n\t\t<\/ul>\n\t<\/div>\t\t\t\n\t\n","protected":false},"excerpt":{"rendered":"<p>O Presidente da Rep\u00fablica acredita que os actos de vandalismo contra empresas p\u00fablicas, privadas e estabelecimentos comerciais apenas v\u00eam desencorajar o investimento privado no pa\u00eds, sendo entendidos como sabotagem \u00e0 economia. Jo\u00e3o Louren\u00e7o revelou que o Executivo vai aprovar, j\u00e1 na pr\u00f3xima segunda-feira, apoios \u00e0s empresas atingidas pelos actos de ...<\/p>\n","protected":false},"author":16,"featured_media":187740,"comment_status":"closed","ping_status":"closed","sticky":false,"template":"","format":"standard","meta":[],"categories":[142,121,164,163],"tags":[],"_links":{"self":[{"href":"https:\/\/rna.ao\/rna.ao\/wp-json\/wp\/v2\/posts\/187739"}],"collection":[{"href":"https:\/\/rna.ao\/rna.ao\/wp-json\/wp\/v2\/posts"}],"about":[{"href":"https:\/\/rna.ao\/rna.ao\/wp-json\/wp\/v2\/types\/post"}],"author":[{"embeddable":true,"href":"https:\/\/rna.ao\/rna.ao\/wp-json\/wp\/v2\/users\/16"}],"replies":[{"embeddable":true,"href":"https:\/\/rna.ao\/rna.ao\/wp-json\/wp\/v2\/comments?post=187739"}],"version-history":[{"count":3,"href":"https:\/\/rna.ao\/rna.ao\/wp-json\/wp\/v2\/posts\/187739\/revisions"}],"predecessor-version":[{"id":187750,"href":"https:\/\/rna.ao\/rna.ao\/wp-json\/wp\/v2\/posts\/187739\/revisions\/187750"}],"wp:featuredmedia":[{"embeddable":true,"href":"https:\/\/rna.ao\/rna.ao\/wp-json\/wp\/v2\/media\/187740"}],"wp:attachment":[{"href":"https:\/\/rna.ao\/rna.ao\/wp-json\/wp\/v2\/media?parent=187739"}],"wp:term":[{"taxonomy":"category","embeddable":true,"href":"https:\/\/rna.ao\/rna.ao\/wp-json\/wp\/v2\/categories?post=187739"},{"taxonomy":"post_tag","embeddable":true,"href":"https:\/\/rna.ao\/rna.ao\/wp-json\/wp\/v2\/tags?post=187739"}],"curies":[{"name":"wp","href":"https:\/\/api.w.org\/{rel}","templated":true}]}}