{"id":187707,"date":"2025-08-01T11:19:56","date_gmt":"2025-08-01T10:19:56","guid":{"rendered":"https:\/\/rna.ao\/rna.ao\/?p=187707"},"modified":"2025-08-01T11:22:36","modified_gmt":"2025-08-01T10:22:36","slug":"sistema-de-protecao-de-energia-da-rnt-sera-reforcado-com-o-objectivo-de-manter-seguro-o-fornecimento-de-energia-aos-clientes","status":"publish","type":"post","link":"https:\/\/rna.ao\/rna.ao\/2025\/08\/01\/sistema-de-protecao-de-energia-da-rnt-sera-reforcado-com-o-objectivo-de-manter-seguro-o-fornecimento-de-energia-aos-clientes\/","title":{"rendered":"Sistema de protec\u00e7\u00e3o de energia da RNT ser\u00e1 refor\u00e7ado com o objectivo de manter seguro o fornecimento de energia aos clientes"},"content":{"rendered":"<p><img loading=\"lazy\" class=\"alignnone size-medium wp-image-187708\" src=\"https:\/\/rna.ao\/rna.ao\/wp-content\/uploads\/2025\/08\/30da5b91-49bd-4dbe-aa2f-44267e78c26e-347x770.jpeg\" alt=\"\" width=\"347\" height=\"770\" srcset=\"https:\/\/rna.ao\/rna.ao\/wp-content\/uploads\/2025\/08\/30da5b91-49bd-4dbe-aa2f-44267e78c26e-347x770.jpeg 347w, https:\/\/rna.ao\/rna.ao\/wp-content\/uploads\/2025\/08\/30da5b91-49bd-4dbe-aa2f-44267e78c26e-527x1170.jpeg 527w, https:\/\/rna.ao\/rna.ao\/wp-content\/uploads\/2025\/08\/30da5b91-49bd-4dbe-aa2f-44267e78c26e.jpeg 576w\" sizes=\"(max-width: 347px) 100vw, 347px\" \/>O sistema de protec\u00e7\u00e3o de energia da Rede Nacional de Transporte &#8211; RNT ser\u00e1 refor\u00e7ado com o objectivo de garantir a seguran\u00e7a no fornecimento do produto aos clientes.<\/p>\n<p>A informa\u00e7\u00e3o foi avan\u00e7ada pelo director regional da RNT, J\u00falio de Almeida, que revelou que a subesta\u00e7\u00e3o do munic\u00edpio dos Mulenvos, respons\u00e1vel pelo abastecimento dessas zonas, vai beneficiar brevemente de uma interven\u00e7\u00e3o ao n\u00edvel do sistema de protec\u00e7\u00e3o dos equipamentos. Jornalista Polaco Pedro. Clique no \u00e1udio e ou\u00e7a:<\/p>\n\t<div class=\"qtmplayer-playlist-large\">\n\t\t<ul class=\"qtmplayer-playlist\">\n\t\t\t\n\t\t\t\t\t<li class=\"qtmplayer-trackitem\">\n\t\t<img src=\"https:\/\/rna.ao\/rna.ao\/wp-content\/uploads\/2025\/08\/30da5b91-49bd-4dbe-aa2f-44267e78c26e-100x100.jpeg\" alt=\"cover\">\t\t<span \t\t\tdata-qtmplayer-cover=\"https:\/\/rna.ao\/rna.ao\/wp-content\/uploads\/2025\/08\/30da5b91-49bd-4dbe-aa2f-44267e78c26e-370x370.jpeg\"\n\t\t\t\t\t\tdata-qtmplayer-file=\"https:\/\/rna.ao\/rna.ao\/wp-content\/uploads\/2025\/08\/POLACO-PEDRO-20H.mp3\"\n\t\t\t\t\t\tdata-qtmplayer-title=\"Sistema de protec\u00e7\u00e3o de energia da RNT ser\u00e1 refor\u00e7ado com o objectivo de manter seguro o fornecimento de energia aos clientes\"\n\t\t\t\t\t\tdata-qtmplayer-artist=\"Juliana Nunes\"\n\t\t\t\t\t\tdata-qtmplayer-link=\"https:\/\/rna.ao\/rna.ao\/2025\/08\/01\/sistema-de-protecao-de-energia-da-rnt-sera-reforcado-com-o-objectivo-de-manter-seguro-o-fornecimento-de-energia-aos-clientes\/\"\n\t\t\t\t\t\tdata-qtmplayer-icon=\"file_download\"\n\t\t\t\t\t\tdata-qtmplayer-type=\"track\"\n\t\t\t class=\"qtmplayer-play qtmplayer-link-sec qtmplayer-play-btn\"><i class='material-icons'>play_arrow<\/i><\/span>\n\t\t<p>\n\t\t\t<span class=\"qtmplayer-tit\">Sistema de protec\u00e7\u00e3o de energia da RNT ser\u00e1 refor\u00e7ado com o objectivo de manter seguro o fornecimento de energia aos clientes<\/span>\n\t\t\t<span class=\"qtmplayer-art\">Juliana Nunes<\/span>\n\t\t<\/p>\n\t<\/li>\n\t\t<\/ul>\n\t<\/div>\t\t\t\n\t\n","protected":false},"excerpt":{"rendered":"<p>O sistema de protec\u00e7\u00e3o de energia da Rede Nacional de Transporte &#8211; RNT ser\u00e1 refor\u00e7ado com o objectivo de garantir a seguran\u00e7a no fornecimento do produto aos clientes. A informa\u00e7\u00e3o foi avan\u00e7ada pelo director regional da RNT, J\u00falio de Almeida, que revelou que a subesta\u00e7\u00e3o do munic\u00edpio dos Mulenvos, respons\u00e1vel ...<\/p>\n","protected":false},"author":16,"featured_media":187708,"comment_status":"closed","ping_status":"closed","sticky":false,"template":"","format":"standard","meta":[],"categories":[142,121,164,163],"tags":[],"_links":{"self":[{"href":"https:\/\/rna.ao\/rna.ao\/wp-json\/wp\/v2\/posts\/187707"}],"collection":[{"href":"https:\/\/rna.ao\/rna.ao\/wp-json\/wp\/v2\/posts"}],"about":[{"href":"https:\/\/rna.ao\/rna.ao\/wp-json\/wp\/v2\/types\/post"}],"author":[{"embeddable":true,"href":"https:\/\/rna.ao\/rna.ao\/wp-json\/wp\/v2\/users\/16"}],"replies":[{"embeddable":true,"href":"https:\/\/rna.ao\/rna.ao\/wp-json\/wp\/v2\/comments?post=187707"}],"version-history":[{"count":3,"href":"https:\/\/rna.ao\/rna.ao\/wp-json\/wp\/v2\/posts\/187707\/revisions"}],"predecessor-version":[{"id":187712,"href":"https:\/\/rna.ao\/rna.ao\/wp-json\/wp\/v2\/posts\/187707\/revisions\/187712"}],"wp:featuredmedia":[{"embeddable":true,"href":"https:\/\/rna.ao\/rna.ao\/wp-json\/wp\/v2\/media\/187708"}],"wp:attachment":[{"href":"https:\/\/rna.ao\/rna.ao\/wp-json\/wp\/v2\/media?parent=187707"}],"wp:term":[{"taxonomy":"category","embeddable":true,"href":"https:\/\/rna.ao\/rna.ao\/wp-json\/wp\/v2\/categories?post=187707"},{"taxonomy":"post_tag","embeddable":true,"href":"https:\/\/rna.ao\/rna.ao\/wp-json\/wp\/v2\/tags?post=187707"}],"curies":[{"name":"wp","href":"https:\/\/api.w.org\/{rel}","templated":true}]}}