{"id":187597,"date":"2025-07-31T14:28:22","date_gmt":"2025-07-31T13:28:22","guid":{"rendered":"https:\/\/rna.ao\/rna.ao\/?p=187597"},"modified":"2025-07-31T14:52:24","modified_gmt":"2025-07-31T13:52:24","slug":"tarifas-comerciais-impostas-pelos-eua-ha-alguns-paises-africanos-comeca-a-vigorar-a-partir-de-hoje","status":"publish","type":"post","link":"https:\/\/rna.ao\/rna.ao\/2025\/07\/31\/tarifas-comerciais-impostas-pelos-eua-ha-alguns-paises-africanos-comeca-a-vigorar-a-partir-de-hoje\/","title":{"rendered":"Tarifas Comerciais dos EUA sobre alguns pa\u00edses africanos entram em vigor amanh\u00e3, 1 de Agosto"},"content":{"rendered":"<p><img loading=\"lazy\" class=\"wp-image-108104 alignleft\" src=\"https:\/\/rna.ao\/rna.ao\/wp-content\/uploads\/2023\/07\/3646722608-capitolio-eua-1024x768-1-770x578.jpg\" alt=\"\" width=\"323\" height=\"242\" srcset=\"https:\/\/rna.ao\/rna.ao\/wp-content\/uploads\/2023\/07\/3646722608-capitolio-eua-1024x768-1-770x578.jpg 770w, https:\/\/rna.ao\/rna.ao\/wp-content\/uploads\/2023\/07\/3646722608-capitolio-eua-1024x768-1-768x576.jpg 768w, https:\/\/rna.ao\/rna.ao\/wp-content\/uploads\/2023\/07\/3646722608-capitolio-eua-1024x768-1.jpg 1024w\" sizes=\"(max-width: 323px) 100vw, 323px\" \/>Come\u00e7a a vigorar a partir de amanh\u00e3, sexta-feira, 01de Agosto, as tarifas comerciais que os EUA impuseram h\u00e1 alguns pa\u00edses africanos. Embora os pa\u00edses africanos desejam negociar a percentagem das tarifas que variam de 10 a 50 por cento, infelizmente os EUA, ainda n\u00e3o avan\u00e7aram ou designaram um interlocutor valido para o efeito. A medida apanhou de surpresa os pa\u00edses africanos que agora enfrentam novos desafios nas rela\u00e7\u00f5es comerciais com o gigante econ\u00f3mico mundial. Clique no \u00e1udio abaixo e ou\u00e7a a reportagem do\u00a0 Rom\u00e3o Ferreira:<\/p>\n\t<div class=\"qtmplayer-playlist-large\">\n\t\t<ul class=\"qtmplayer-playlist\">\n\t\t\t\n\t\t\t\t\t<li class=\"qtmplayer-trackitem\">\n\t\t<img src=\"https:\/\/rna.ao\/rna.ao\/wp-content\/uploads\/2025\/07\/PORTO-DE-MOCAMEDES-100x100.jpg\" alt=\"cover\">\t\t<span \t\t\tdata-qtmplayer-cover=\"https:\/\/rna.ao\/rna.ao\/wp-content\/uploads\/2025\/07\/PORTO-DE-MOCAMEDES.jpg\"\n\t\t\t\t\t\tdata-qtmplayer-file=\"https:\/\/rna.ao\/rna.ao\/wp-content\/uploads\/2025\/07\/ROMAO-FERREIRA-13HRS.mp3\"\n\t\t\t\t\t\tdata-qtmplayer-title=\"Tarifas Comerciais dos EUA sobre alguns pa\u00edses africanos entram em vigor amanh\u00e3, 1 de Agosto\"\n\t\t\t\t\t\tdata-qtmplayer-artist=\"Ant\u00f3nio Augusto\"\n\t\t\t\t\t\tdata-qtmplayer-link=\"https:\/\/rna.ao\/rna.ao\/2025\/07\/31\/tarifas-comerciais-impostas-pelos-eua-ha-alguns-paises-africanos-comeca-a-vigorar-a-partir-de-hoje\/\"\n\t\t\t\t\t\tdata-qtmplayer-icon=\"file_download\"\n\t\t\t\t\t\tdata-qtmplayer-type=\"track\"\n\t\t\t class=\"qtmplayer-play qtmplayer-link-sec qtmplayer-play-btn\"><i class='material-icons'>play_arrow<\/i><\/span>\n\t\t<p>\n\t\t\t<span class=\"qtmplayer-tit\">Tarifas Comerciais dos EUA sobre alguns pa\u00edses africanos entram em vigor amanh\u00e3, 1 de Agosto<\/span>\n\t\t\t<span class=\"qtmplayer-art\">Ant\u00f3nio Augusto<\/span>\n\t\t<\/p>\n\t<\/li>\n\t\t<\/ul>\n\t<\/div>\t\t\t\n\t\n","protected":false},"excerpt":{"rendered":"<p>Come\u00e7a a vigorar a partir de amanh\u00e3, sexta-feira, 01de Agosto, as tarifas comerciais que os EUA impuseram h\u00e1 alguns pa\u00edses africanos. Embora os pa\u00edses africanos desejam negociar a percentagem das tarifas que variam de 10 a 50 por cento, infelizmente os EUA, ainda n\u00e3o avan\u00e7aram ou designaram um interlocutor valido ...<\/p>\n","protected":false},"author":23,"featured_media":184931,"comment_status":"closed","ping_status":"closed","sticky":false,"template":"","format":"standard","meta":[],"categories":[142,121,164,163],"tags":[],"_links":{"self":[{"href":"https:\/\/rna.ao\/rna.ao\/wp-json\/wp\/v2\/posts\/187597"}],"collection":[{"href":"https:\/\/rna.ao\/rna.ao\/wp-json\/wp\/v2\/posts"}],"about":[{"href":"https:\/\/rna.ao\/rna.ao\/wp-json\/wp\/v2\/types\/post"}],"author":[{"embeddable":true,"href":"https:\/\/rna.ao\/rna.ao\/wp-json\/wp\/v2\/users\/23"}],"replies":[{"embeddable":true,"href":"https:\/\/rna.ao\/rna.ao\/wp-json\/wp\/v2\/comments?post=187597"}],"version-history":[{"count":5,"href":"https:\/\/rna.ao\/rna.ao\/wp-json\/wp\/v2\/posts\/187597\/revisions"}],"predecessor-version":[{"id":187627,"href":"https:\/\/rna.ao\/rna.ao\/wp-json\/wp\/v2\/posts\/187597\/revisions\/187627"}],"wp:featuredmedia":[{"embeddable":true,"href":"https:\/\/rna.ao\/rna.ao\/wp-json\/wp\/v2\/media\/184931"}],"wp:attachment":[{"href":"https:\/\/rna.ao\/rna.ao\/wp-json\/wp\/v2\/media?parent=187597"}],"wp:term":[{"taxonomy":"category","embeddable":true,"href":"https:\/\/rna.ao\/rna.ao\/wp-json\/wp\/v2\/categories?post=187597"},{"taxonomy":"post_tag","embeddable":true,"href":"https:\/\/rna.ao\/rna.ao\/wp-json\/wp\/v2\/tags?post=187597"}],"curies":[{"name":"wp","href":"https:\/\/api.w.org\/{rel}","templated":true}]}}