{"id":18620,"date":"2021-03-03T10:20:31","date_gmt":"2021-03-03T09:20:31","guid":{"rendered":"https:\/\/rna.ao\/rna.ao\/?p=18620"},"modified":"2021-03-03T10:20:31","modified_gmt":"2021-03-03T09:20:31","slug":"joao-lourenco-appel-aux-jeunes-aux-bonnes-pratiques","status":"publish","type":"post","link":"https:\/\/rna.ao\/rna.ao\/2021\/03\/03\/joao-lourenco-appel-aux-jeunes-aux-bonnes-pratiques\/","title":{"rendered":"Joao Louren\u00e7o appel aux jeunes aux bonnes pratiques"},"content":{"rendered":"<p><img loading=\"lazy\" class=\"size-full wp-image-7756 alignleft\" src=\"https:\/\/rna.ao\/rna.ao\/wp-content\/uploads\/2020\/10\/PR-JLO-2.jpg\" alt=\"\" width=\"447\" height=\"345\" \/>Le pr\u00e9sident de la R\u00e9publique, Jo\u00e3o Louren\u00e7o, a d\u00e9menti ce mardi, l&#8217;existence d&#8217;actes de x\u00e9nophobie en Angola et a jug\u00e9 \u00abnon fond\u00e9es et irr\u00e9alistes\u00bb les craintes qui pointent vers l&#8217;\u00e9mergence d&#8217;une campagne dans ce sens.<\/p>\n<p>Dans son discours, Jo\u00e3o Louren\u00e7o a soulign\u00e9 qu&#8217;en g\u00e9n\u00e9ral, les jeunes ne d\u00e9truisent pas, les jeunes construisent, car &#8220;ils ont construit notre ind\u00e9pendance, ils ont construit la paix et la r\u00e9conciliation nationale, ils reconstruisent aujourd&#8217;hui les infrastructures du pays, ils construisent le pr\u00e9sent et l&#8217;avenir. de l&#8217;Angola &#8220;.<\/p>\n\t<div class=\"qtmplayer-playlist-large\">\n\t\t<ul class=\"qtmplayer-playlist\">\n\t\t\t\n\t\t\t\t\t<li class=\"qtmplayer-trackitem\">\n\t\t<img src=\"https:\/\/rna.ao\/rna.ao\/wp-content\/uploads\/2020\/10\/PR-JLO-2-100x100.jpg\" alt=\"cover\">\t\t<span \t\t\tdata-qtmplayer-cover=\"https:\/\/rna.ao\/rna.ao\/wp-content\/uploads\/2020\/10\/PR-JLO-2.jpg\"\n\t\t\t\t\t\tdata-qtmplayer-file=\"https:\/\/rna.ao\/rna.ao\/wp-content\/uploads\/2021\/03\/JLO-APELA-AOS-JOVENS-AS-BOAS-PRATICAS.mp3\"\n\t\t\t\t\t\tdata-qtmplayer-title=\"Joao Louren\u00e7o appel aux jeunes aux bonnes pratiques\"\n\t\t\t\t\t\tdata-qtmplayer-artist=\"RNA\"\n\t\t\t\t\t\tdata-qtmplayer-link=\"https:\/\/rna.ao\/rna.ao\/2021\/03\/03\/joao-lourenco-appel-aux-jeunes-aux-bonnes-pratiques\/\"\n\t\t\t\t\t\tdata-qtmplayer-icon=\"file_download\"\n\t\t\t\t\t\tdata-qtmplayer-type=\"track\"\n\t\t\t class=\"qtmplayer-play qtmplayer-link-sec qtmplayer-play-btn\"><i class='material-icons'>play_arrow<\/i><\/span>\n\t\t<p>\n\t\t\t<span class=\"qtmplayer-tit\">Joao Louren\u00e7o appel aux jeunes aux bonnes pratiques<\/span>\n\t\t\t<span class=\"qtmplayer-art\">RNA<\/span>\n\t\t<\/p>\n\t<\/li>\n\t\t<\/ul>\n\t<\/div>\t\t\t\n\t\n","protected":false},"excerpt":{"rendered":"<p>Le pr\u00e9sident de la R\u00e9publique, Jo\u00e3o Louren\u00e7o, a d\u00e9menti ce mardi, l&#8217;existence d&#8217;actes de x\u00e9nophobie en Angola et a jug\u00e9 \u00abnon fond\u00e9es et irr\u00e9alistes\u00bb les craintes qui pointent vers l&#8217;\u00e9mergence d&#8217;une campagne dans ce sens. Dans son discours, Jo\u00e3o Louren\u00e7o a soulign\u00e9 qu&#8217;en g\u00e9n\u00e9ral, les jeunes ne d\u00e9truisent pas, les ...<\/p>\n","protected":false},"author":8,"featured_media":7756,"comment_status":"closed","ping_status":"closed","sticky":false,"template":"","format":"standard","meta":[],"categories":[143,137],"tags":[],"_links":{"self":[{"href":"https:\/\/rna.ao\/rna.ao\/wp-json\/wp\/v2\/posts\/18620"}],"collection":[{"href":"https:\/\/rna.ao\/rna.ao\/wp-json\/wp\/v2\/posts"}],"about":[{"href":"https:\/\/rna.ao\/rna.ao\/wp-json\/wp\/v2\/types\/post"}],"author":[{"embeddable":true,"href":"https:\/\/rna.ao\/rna.ao\/wp-json\/wp\/v2\/users\/8"}],"replies":[{"embeddable":true,"href":"https:\/\/rna.ao\/rna.ao\/wp-json\/wp\/v2\/comments?post=18620"}],"version-history":[{"count":1,"href":"https:\/\/rna.ao\/rna.ao\/wp-json\/wp\/v2\/posts\/18620\/revisions"}],"predecessor-version":[{"id":18622,"href":"https:\/\/rna.ao\/rna.ao\/wp-json\/wp\/v2\/posts\/18620\/revisions\/18622"}],"wp:featuredmedia":[{"embeddable":true,"href":"https:\/\/rna.ao\/rna.ao\/wp-json\/wp\/v2\/media\/7756"}],"wp:attachment":[{"href":"https:\/\/rna.ao\/rna.ao\/wp-json\/wp\/v2\/media?parent=18620"}],"wp:term":[{"taxonomy":"category","embeddable":true,"href":"https:\/\/rna.ao\/rna.ao\/wp-json\/wp\/v2\/categories?post=18620"},{"taxonomy":"post_tag","embeddable":true,"href":"https:\/\/rna.ao\/rna.ao\/wp-json\/wp\/v2\/tags?post=18620"}],"curies":[{"name":"wp","href":"https:\/\/api.w.org\/{rel}","templated":true}]}}