{"id":18610,"date":"2021-03-03T10:13:20","date_gmt":"2021-03-03T09:13:20","guid":{"rendered":"https:\/\/rna.ao\/rna.ao\/?p=18610"},"modified":"2021-03-03T10:13:20","modified_gmt":"2021-03-03T09:13:20","slug":"piloto-angolana-diz-que-diferenca-salarial-entre-nacionais-e-estrangeiros-e-abismal","status":"publish","type":"post","link":"https:\/\/rna.ao\/rna.ao\/2021\/03\/03\/piloto-angolana-diz-que-diferenca-salarial-entre-nacionais-e-estrangeiros-e-abismal\/","title":{"rendered":"Piloto angolana diz que diferen\u00e7a salarial entre nacionais e estrangeiros \u00e9 abismal"},"content":{"rendered":"<p><img loading=\"lazy\" class=\"size-full wp-image-18612 alignleft\" src=\"https:\/\/rna.ao\/rna.ao\/wp-content\/uploads\/2021\/03\/alexandra-lima-piloto.jpg\" alt=\"\" width=\"315\" height=\"210\" \/>A primeira mulher piloto angolana da TAAG transportadora a\u00e9rea de Angola, disse ao canal internacional hoje que no pa\u00eds a diferen\u00e7a de sal\u00e1rio entre pilotos nacionais e estrangeiros \u00e9 muito grande.<\/p>\n<p>Falando no espa\u00e7o o convidado do programa em Portugu\u00eas do CI, Alexandra Maria Lima, avan\u00e7a que a pandemia da covid-19 veio complicar o sector.<\/p>\n\t<div class=\"qtmplayer-playlist-large\">\n\t\t<ul class=\"qtmplayer-playlist\">\n\t\t\t\n\t\t\t\t\t<li class=\"qtmplayer-trackitem\">\n\t\t<img src=\"https:\/\/rna.ao\/rna.ao\/wp-content\/uploads\/2021\/03\/alexandra-lima-piloto-100x100.jpg\" alt=\"cover\">\t\t<span \t\t\tdata-qtmplayer-cover=\"https:\/\/rna.ao\/rna.ao\/wp-content\/uploads\/2021\/03\/alexandra-lima-piloto.jpg\"\n\t\t\t\t\t\tdata-qtmplayer-file=\"https:\/\/rna.ao\/rna.ao\/wp-content\/uploads\/2021\/03\/PECA-ISAAC-RESENDE-MULHER-PILOTO-03.03.2021.mp3\"\n\t\t\t\t\t\tdata-qtmplayer-title=\"Piloto angolana diz que diferen\u00e7a salarial entre nacionais e estrangeiros \u00e9 abismal\"\n\t\t\t\t\t\tdata-qtmplayer-artist=\"RNA\"\n\t\t\t\t\t\tdata-qtmplayer-link=\"https:\/\/rna.ao\/rna.ao\/2021\/03\/03\/piloto-angolana-diz-que-diferenca-salarial-entre-nacionais-e-estrangeiros-e-abismal\/\"\n\t\t\t\t\t\tdata-qtmplayer-icon=\"file_download\"\n\t\t\t\t\t\tdata-qtmplayer-type=\"track\"\n\t\t\t class=\"qtmplayer-play qtmplayer-link-sec qtmplayer-play-btn\"><i class='material-icons'>play_arrow<\/i><\/span>\n\t\t<p>\n\t\t\t<span class=\"qtmplayer-tit\">Piloto angolana diz que diferen\u00e7a salarial entre nacionais e estrangeiros \u00e9 abismal<\/span>\n\t\t\t<span class=\"qtmplayer-art\">RNA<\/span>\n\t\t<\/p>\n\t<\/li>\n\t\t<\/ul>\n\t<\/div>\t\t\t\n\t\n","protected":false},"excerpt":{"rendered":"<p>A primeira mulher piloto angolana da TAAG transportadora a\u00e9rea de Angola, disse ao canal internacional hoje que no pa\u00eds a diferen\u00e7a de sal\u00e1rio entre pilotos nacionais e estrangeiros \u00e9 muito grande. Falando no espa\u00e7o o convidado do programa em Portugu\u00eas do CI, Alexandra Maria Lima, avan\u00e7a que a pandemia da ...<\/p>\n","protected":false},"author":8,"featured_media":18612,"comment_status":"closed","ping_status":"closed","sticky":false,"template":"","format":"standard","meta":[],"categories":[143,137],"tags":[],"_links":{"self":[{"href":"https:\/\/rna.ao\/rna.ao\/wp-json\/wp\/v2\/posts\/18610"}],"collection":[{"href":"https:\/\/rna.ao\/rna.ao\/wp-json\/wp\/v2\/posts"}],"about":[{"href":"https:\/\/rna.ao\/rna.ao\/wp-json\/wp\/v2\/types\/post"}],"author":[{"embeddable":true,"href":"https:\/\/rna.ao\/rna.ao\/wp-json\/wp\/v2\/users\/8"}],"replies":[{"embeddable":true,"href":"https:\/\/rna.ao\/rna.ao\/wp-json\/wp\/v2\/comments?post=18610"}],"version-history":[{"count":1,"href":"https:\/\/rna.ao\/rna.ao\/wp-json\/wp\/v2\/posts\/18610\/revisions"}],"predecessor-version":[{"id":18613,"href":"https:\/\/rna.ao\/rna.ao\/wp-json\/wp\/v2\/posts\/18610\/revisions\/18613"}],"wp:featuredmedia":[{"embeddable":true,"href":"https:\/\/rna.ao\/rna.ao\/wp-json\/wp\/v2\/media\/18612"}],"wp:attachment":[{"href":"https:\/\/rna.ao\/rna.ao\/wp-json\/wp\/v2\/media?parent=18610"}],"wp:term":[{"taxonomy":"category","embeddable":true,"href":"https:\/\/rna.ao\/rna.ao\/wp-json\/wp\/v2\/categories?post=18610"},{"taxonomy":"post_tag","embeddable":true,"href":"https:\/\/rna.ao\/rna.ao\/wp-json\/wp\/v2\/tags?post=18610"}],"curies":[{"name":"wp","href":"https:\/\/api.w.org\/{rel}","templated":true}]}}